{"id":4750,"date":"2021-02-01T12:14:35","date_gmt":"2021-02-01T11:14:35","guid":{"rendered":"http:\/\/agora.xtec.cat\/iesdelvoltreganes\/?p=4750"},"modified":"2021-05-17T11:29:59","modified_gmt":"2021-05-17T09:29:59","slug":"portes-obertes-9","status":"publish","type":"post","link":"https:\/\/agora.xtec.cat\/iesdelvoltreganes\/general\/portes-obertes-9\/","title":{"rendered":"Jornada virtual de portes obertes i preinscripci\u00f3"},"content":{"rendered":"<h2><a href=\"https:\/\/agora.xtec.cat\/iesdelvoltreganes\/wp-content\/uploads\/usu618\/2021\/02\/Cartell-JPO-21-Color.jpg\"><img loading=\"lazy\" decoding=\"async\" class=\"alignnone wp-image-4754\" src=\"https:\/\/agora.xtec.cat\/iesdelvoltreganes\/wp-content\/uploads\/usu618\/2021\/02\/Cartell-JPO-21-Color-212x300.jpg\" alt=\"\" width=\"283\" height=\"400\" srcset=\"https:\/\/agora.xtec.cat\/iesdelvoltreganes\/wp-content\/uploads\/usu618\/2021\/02\/Cartell-JPO-21-Color-212x300.jpg 212w, https:\/\/agora.xtec.cat\/iesdelvoltreganes\/wp-content\/uploads\/usu618\/2021\/02\/Cartell-JPO-21-Color-768x1087.jpg 768w, https:\/\/agora.xtec.cat\/iesdelvoltreganes\/wp-content\/uploads\/usu618\/2021\/02\/Cartell-JPO-21-Color-724x1024.jpg 724w, https:\/\/agora.xtec.cat\/iesdelvoltreganes\/wp-content\/uploads\/usu618\/2021\/02\/Cartell-JPO-21-Color.jpg 1753w\" sizes=\"auto, (max-width: 283px) 100vw, 283px\" \/><\/a><\/h2>\n<h4><a href=\"https:\/\/drive.google.com\/file\/d\/13fvvGKR8do0oFmpJiTbnHlyvQyCn4FGx\/view?usp=sharing\" target=\"_blank\" rel=\"noopener noreferrer\">Preinscripci\u00f3: <span style=\"color: #33cccc;\">del 17 al 24 de mar\u00e7<\/span><\/a><\/h4>\n<p><a href=\"https:\/\/drive.google.com\/file\/d\/1shUxbvNCpSjrdpxhgkJBEsmh9oOjNUQB\/view?usp=sharing\" target=\"_blank\" rel=\"noopener noreferrer\">Informaci\u00f3 fam\u00edlies preinscripci\u00f3<\/a><\/p>\n<p><a href=\"https:\/\/drive.google.com\/file\/d\/1XqFA_MrkYVQ8Mit5TQbHuSSL_PBJ9aGs\/view?usp=sharing\" target=\"_blank\" rel=\"noopener noreferrer\">Oferta inicial de places<\/a><\/p>\n<p><a href=\"https:\/\/preinscripcio.gencat.cat\/ca\/inici\/\" target=\"_blank\" rel=\"noopener noreferrer\">https:\/\/preinscripcio.gencat.cat\/ca\/inici\/<\/a><\/p>\n<h3><a href=\"https:\/\/aplicacions.gestioeducativa.gencat.cat\/pls\/apex\/f?p=CITA_PREVIA:4::::4:P4_TIPUS_CALENDARI,P4_DOMINI:01_JPO_O,08060976\" target=\"_blank\" rel=\"noopener noreferrer\">Cita pr\u00e8via<\/a><\/h3>\n<p><a href=\"https:\/\/drive.google.com\/file\/d\/17Y4SneL0gI3N0O0x3rGi3W6zjc6tQY9t\/view?usp=sharing\" target=\"_blank\" rel=\"noopener noreferrer\">Llista de sol\u00b7licituds que han demanat el centre i l&#8217;ensenyament en primera petici\u00f3 amb el barem provisional a 19\/04\/2021<\/a><\/p>\n<p><a href=\"https:\/\/drive.google.com\/file\/d\/17LueGQSjKaE8YLWs4_mEWvD6EHYQ_0tw\/view?usp=sharing\" target=\"_blank\" rel=\"noopener noreferrer\">Publicaci\u00f3 de la llista de sol\u00b7licituds que han demanat el centre i l&#8217;ensenyament en primera\u00a0petici\u00f3 amb el barem resoltes les reclamacions a 30\/04\/2021 un cop solucionada la incid\u00e8ncia de centres adscrits<\/a><\/p>\n<p><a href=\"https:\/\/drive.google.com\/file\/d\/1as6-nh4CLJW5X9Jwcre5IuJkLQAgT8Xu\/view?usp=sharing\" target=\"_blank\" rel=\"noopener noreferrer\">Publicaci\u00f3 de la llista de sol\u00b7licituds que han demanat el centre i l&#8217;ensenyament en primera petici\u00f3 ordenada a 07\/05\/2021 un cop solucionada la incid\u00e8ncia de centres adscrits<\/a><\/p>\n","protected":false},"excerpt":{"rendered":"<p><a href=\"https:\/\/agora.xtec.cat\/iesdelvoltreganes\/wp-content\/uploads\/usu618\/2021\/02\/Cartell-JPO-21-Color.jpg\"><\/a><br \/>\n<a href=\"https:\/\/drive.google.com\/file\/d\/13fvvGKR8do0oFmpJiTbnHlyvQyCn4FGx\/view?usp=sharing\" target=\"_blank\" rel=\"noopener noreferrer\">Preinscripci\u00f3: del 17 al 24 de mar\u00e7<\/a><br \/>\n<a href=\"https:\/\/drive.google.com\/file\/d\/1shUxbvNCpSjrdpxhgkJBEsmh9oOjNUQB\/view?usp=sharing\" target=\"_blank\" rel=\"noopener noreferrer\">Informaci\u00f3 fam\u00edlies preinscripci\u00f3<\/a><br \/>\n<a href=\"https:\/\/drive.google.com\/file\/d\/1XqFA_MrkYVQ8Mit5TQbHuSSL_PBJ9aGs\/view?usp=sharing\" target=\"_blank\" rel=\"noopener noreferrer\">Oferta inicial de places<\/a><br \/>\n<a href=\"https:\/\/preinscripcio.gencat.cat\/ca\/inici\/\" target=\"_blank\" rel=\"noopener noreferrer\">https:\/\/preinscripcio.gencat.cat\/ca\/inici\/<\/a><br \/>\n<a href=\"https:\/\/aplicacions.gestioeducativa.gencat.cat\/pls\/apex\/f?p=CITA_PREVIA:4::::4:P4_TIPUS_CALENDARI,P4_DOMINI:01_JPO_O,08060976\" target=\"_blank\" rel=\"noopener noreferrer\">Cita pr\u00e8via<\/a><br \/>\n<a href=\"https:\/\/drive.google.com\/file\/d\/17Y4SneL0gI3N0O0x3rGi3W6zjc6tQY9t\/view?usp=sharing\" target=\"_blank\" rel=\"noopener noreferrer\">Llista de sol\u00b7licituds que han demanat el centre&hellip;  <a href=\"https:\/\/agora.xtec.cat\/iesdelvoltreganes\/general\/portes-obertes-9\/\" title=\"Read Jornada virtual de portes obertes i preinscripci\u00f3\">Llegeix m\u00e9s\u00bb<\/a><\/p>\n","protected":false},"author":6,"featured_media":0,"comment_status":"closed","ping_status":"closed","sticky":false,"template":"","format":"standard","meta":{"_bbp_topic_count":0,"_bbp_reply_count":0,"_bbp_total_topic_count":0,"_bbp_total_reply_count":0,"_bbp_voice_count":0,"_bbp_anonymous_reply_count":0,"_bbp_topic_count_hidden":0,"_bbp_reply_count_hidden":0,"_bbp_forum_subforum_count":0,"footnotes":""},"categories":[1,29],"tags":[],"class_list":["post-4750","post","type-post","status-publish","format-standard","hentry","category-general","category-portada"],"post_mailing_queue_ids":[],"_links":{"self":[{"href":"https:\/\/agora.xtec.cat\/iesdelvoltreganes\/wp-json\/wp\/v2\/posts\/4750","targetHints":{"allow":["GET"]}}],"collection":[{"href":"https:\/\/agora.xtec.cat\/iesdelvoltreganes\/wp-json\/wp\/v2\/posts"}],"about":[{"href":"https:\/\/agora.xtec.cat\/iesdelvoltreganes\/wp-json\/wp\/v2\/types\/post"}],"author":[{"embeddable":true,"href":"https:\/\/agora.xtec.cat\/iesdelvoltreganes\/wp-json\/wp\/v2\/users\/6"}],"replies":[{"embeddable":true,"href":"https:\/\/agora.xtec.cat\/iesdelvoltreganes\/wp-json\/wp\/v2\/comments?post=4750"}],"version-history":[{"count":3,"href":"https:\/\/agora.xtec.cat\/iesdelvoltreganes\/wp-json\/wp\/v2\/posts\/4750\/revisions"}],"predecessor-version":[{"id":4962,"href":"https:\/\/agora.xtec.cat\/iesdelvoltreganes\/wp-json\/wp\/v2\/posts\/4750\/revisions\/4962"}],"wp:attachment":[{"href":"https:\/\/agora.xtec.cat\/iesdelvoltreganes\/wp-json\/wp\/v2\/media?parent=4750"}],"wp:term":[{"taxonomy":"category","embeddable":true,"href":"https:\/\/agora.xtec.cat\/iesdelvoltreganes\/wp-json\/wp\/v2\/categories?post=4750"},{"taxonomy":"post_tag","embeddable":true,"href":"https:\/\/agora.xtec.cat\/iesdelvoltreganes\/wp-json\/wp\/v2\/tags?post=4750"}],"curies":[{"name":"wp","href":"https:\/\/api.w.org\/{rel}","templated":true}]}}