{"id":4689,"date":"2020-12-04T09:04:31","date_gmt":"2020-12-04T08:04:31","guid":{"rendered":"http:\/\/agora.xtec.cat\/iesdelvoltreganes\/?p=4689"},"modified":"2023-12-19T12:20:01","modified_gmt":"2023-12-19T11:20:01","slug":"postals-solidaries-per-a-la-marato-de-tv3","status":"publish","type":"post","link":"https:\/\/agora.xtec.cat\/iesdelvoltreganes\/general\/postals-solidaries-per-a-la-marato-de-tv3\/","title":{"rendered":"Postals solid\u00e0ries per a la Marat\u00f3 de TV3"},"content":{"rendered":"<p><a href=\"https:\/\/photos.app.goo.gl\/ZUv1YpDFzUUA9Cr68\" target=\"_blank\" rel=\"noopener noreferrer\"><img loading=\"lazy\" decoding=\"async\" class=\"alignnone wp-image-4690 size-medium\" src=\"https:\/\/agora.xtec.cat\/iesdelvoltreganes\/wp-content\/uploads\/usu618\/2020\/12\/Campanya-Postals-Solid\u00e0ries-Marat\u00f3-TV3-Cartell-Sense-\u20ac_page-0001-212x300.jpg\" alt=\"\" width=\"212\" height=\"300\" srcset=\"https:\/\/agora.xtec.cat\/iesdelvoltreganes\/wp-content\/uploads\/usu618\/2020\/12\/Campanya-Postals-Solid\u00e0ries-Marat\u00f3-TV3-Cartell-Sense-\u20ac_page-0001-212x300.jpg 212w, https:\/\/agora.xtec.cat\/iesdelvoltreganes\/wp-content\/uploads\/usu618\/2020\/12\/Campanya-Postals-Solid\u00e0ries-Marat\u00f3-TV3-Cartell-Sense-\u20ac_page-0001-768x1086.jpg 768w, https:\/\/agora.xtec.cat\/iesdelvoltreganes\/wp-content\/uploads\/usu618\/2020\/12\/Campanya-Postals-Solid\u00e0ries-Marat\u00f3-TV3-Cartell-Sense-\u20ac_page-0001-724x1024.jpg 724w, https:\/\/agora.xtec.cat\/iesdelvoltreganes\/wp-content\/uploads\/usu618\/2020\/12\/Campanya-Postals-Solid\u00e0ries-Marat\u00f3-TV3-Cartell-Sense-\u20ac_page-0001.jpg 1754w\" sizes=\"auto, (max-width: 212px) 100vw, 212px\" \/><\/a><\/p>\n<p>Els alumnes de 2n i 3r ESO de dibuix participen en la campanya de postals solid\u00e0ries per a la Marat\u00f3 de TV3 2020, organitzada pels l&#8217;Ajuntaments de Sant Hip\u00f2lit i de les Masies de Voltreg\u00e0. Podeu veure algunes de les seves creacions originals clicant el cartell.<\/p>\n","protected":false},"excerpt":{"rendered":"<p><a href=\"https:\/\/photos.app.goo.gl\/ZUv1YpDFzUUA9Cr68\" target=\"_blank\" rel=\"noopener noreferrer\"><\/a><br \/>\nEls alumnes de 2n i 3r ESO de dibuix participen en la campanya de postals solid\u00e0ries per a la Marat\u00f3 de TV3 2020, organitzada pels l&#8217;Ajuntaments de Sant Hip\u00f2lit i de les Masies de Voltreg\u00e0. Podeu veure algunes de les seves&hellip;  <a href=\"https:\/\/agora.xtec.cat\/iesdelvoltreganes\/general\/postals-solidaries-per-a-la-marato-de-tv3\/\" title=\"Read Postals solid\u00e0ries per a la Marat\u00f3 de TV3\">Llegeix m\u00e9s\u00bb<\/a><\/p>\n","protected":false},"author":6,"featured_media":0,"comment_status":"closed","ping_status":"closed","sticky":false,"template":"","format":"standard","meta":{"_bbp_topic_count":0,"_bbp_reply_count":0,"_bbp_total_topic_count":0,"_bbp_total_reply_count":0,"_bbp_voice_count":0,"_bbp_anonymous_reply_count":0,"_bbp_topic_count_hidden":0,"_bbp_reply_count_hidden":0,"_bbp_forum_subforum_count":0,"footnotes":""},"categories":[5,6,1,29],"tags":[160],"class_list":["post-4689","post","type-post","status-publish","format-standard","hentry","category-eso-2","category-eso-3","category-general","category-portada","tag-marato-de-tv3"],"post_mailing_queue_ids":[],"_links":{"self":[{"href":"https:\/\/agora.xtec.cat\/iesdelvoltreganes\/wp-json\/wp\/v2\/posts\/4689","targetHints":{"allow":["GET"]}}],"collection":[{"href":"https:\/\/agora.xtec.cat\/iesdelvoltreganes\/wp-json\/wp\/v2\/posts"}],"about":[{"href":"https:\/\/agora.xtec.cat\/iesdelvoltreganes\/wp-json\/wp\/v2\/types\/post"}],"author":[{"embeddable":true,"href":"https:\/\/agora.xtec.cat\/iesdelvoltreganes\/wp-json\/wp\/v2\/users\/6"}],"replies":[{"embeddable":true,"href":"https:\/\/agora.xtec.cat\/iesdelvoltreganes\/wp-json\/wp\/v2\/comments?post=4689"}],"version-history":[{"count":3,"href":"https:\/\/agora.xtec.cat\/iesdelvoltreganes\/wp-json\/wp\/v2\/posts\/4689\/revisions"}],"predecessor-version":[{"id":4693,"href":"https:\/\/agora.xtec.cat\/iesdelvoltreganes\/wp-json\/wp\/v2\/posts\/4689\/revisions\/4693"}],"wp:attachment":[{"href":"https:\/\/agora.xtec.cat\/iesdelvoltreganes\/wp-json\/wp\/v2\/media?parent=4689"}],"wp:term":[{"taxonomy":"category","embeddable":true,"href":"https:\/\/agora.xtec.cat\/iesdelvoltreganes\/wp-json\/wp\/v2\/categories?post=4689"},{"taxonomy":"post_tag","embeddable":true,"href":"https:\/\/agora.xtec.cat\/iesdelvoltreganes\/wp-json\/wp\/v2\/tags?post=4689"}],"curies":[{"name":"wp","href":"https:\/\/api.w.org\/{rel}","templated":true}]}}