{"id":4682,"date":"2020-11-30T11:07:33","date_gmt":"2020-11-30T10:07:33","guid":{"rendered":"http:\/\/agora.xtec.cat\/iesdelvoltreganes\/?p=4682"},"modified":"2020-11-30T12:33:41","modified_gmt":"2020-11-30T11:33:41","slug":"setmana-de-la-ciencia-2","status":"publish","type":"post","link":"https:\/\/agora.xtec.cat\/iesdelvoltreganes\/general\/setmana-de-la-ciencia-2\/","title":{"rendered":"Setmana de la Ci\u00e8ncia"},"content":{"rendered":"<p>Durant la Setmana de la Ci\u00e8ncia els alumnes de 3r d&#8217;ESO han realitzat un mural representatiu de la quantitat de sucre que contenen diferents aliments i begudes. Segur que despr\u00e8s d&#8217;aquesta activitat serem m\u00e9s conscients de la quantitat de sucre que arribem a ingerir.<br \/>\nTamb\u00e9 han pogut assistir a una xerrada sobre la Mal\u00e0ria dins del programa Matins de Recerca on es d\u00f3na a con\u00e8ixer la feina de diferents investigadors als alumnes de secund\u00e0ria.<br \/>\n<a href=\"https:\/\/photos.app.goo.gl\/LBx2E3JNzxUH7RM47\" target=\"_blank\" rel=\"noopener noreferrer\"><img loading=\"lazy\" decoding=\"async\" class=\"alignnone wp-image-4683 size-medium\" src=\"https:\/\/agora.xtec.cat\/iesdelvoltreganes\/wp-content\/uploads\/usu618\/2020\/11\/20201127_142943-e1606736011505-300x174.jpg\" alt=\"\" width=\"300\" height=\"174\" srcset=\"https:\/\/agora.xtec.cat\/iesdelvoltreganes\/wp-content\/uploads\/usu618\/2020\/11\/20201127_142943-e1606736011505-300x174.jpg 300w, https:\/\/agora.xtec.cat\/iesdelvoltreganes\/wp-content\/uploads\/usu618\/2020\/11\/20201127_142943-e1606736011505-768x445.jpg 768w, https:\/\/agora.xtec.cat\/iesdelvoltreganes\/wp-content\/uploads\/usu618\/2020\/11\/20201127_142943-e1606736011505-1024x594.jpg 1024w\" sizes=\"auto, (max-width: 300px) 100vw, 300px\" \/><\/a><\/p>\n","protected":false},"excerpt":{"rendered":"<p>Durant la Setmana de la Ci\u00e8ncia els alumnes de 3r d&#8217;ESO han realitzat un mural representatiu de la quantitat de sucre que contenen diferents aliments i begudes. Segur que despr\u00e8s d&#8217;aquesta activitat serem m\u00e9s conscients de la quantitat de sucre que arribem a ingerir.<br \/>\nTamb\u00e9 han&hellip;  <a href=\"https:\/\/agora.xtec.cat\/iesdelvoltreganes\/general\/setmana-de-la-ciencia-2\/\" title=\"Read Setmana de la Ci\u00e8ncia\">Llegeix m\u00e9s\u00bb<\/a><\/p>\n","protected":false},"author":6,"featured_media":0,"comment_status":"closed","ping_status":"closed","sticky":false,"template":"","format":"standard","meta":{"_bbp_topic_count":0,"_bbp_reply_count":0,"_bbp_total_topic_count":0,"_bbp_total_reply_count":0,"_bbp_voice_count":0,"_bbp_anonymous_reply_count":0,"_bbp_topic_count_hidden":0,"_bbp_reply_count_hidden":0,"_bbp_forum_subforum_count":0,"footnotes":""},"categories":[65,6,1,29],"tags":[],"class_list":["post-4682","post","type-post","status-publish","format-standard","hentry","category-ciencies-experimentals","category-eso-3","category-general","category-portada"],"post_mailing_queue_ids":[],"_links":{"self":[{"href":"https:\/\/agora.xtec.cat\/iesdelvoltreganes\/wp-json\/wp\/v2\/posts\/4682","targetHints":{"allow":["GET"]}}],"collection":[{"href":"https:\/\/agora.xtec.cat\/iesdelvoltreganes\/wp-json\/wp\/v2\/posts"}],"about":[{"href":"https:\/\/agora.xtec.cat\/iesdelvoltreganes\/wp-json\/wp\/v2\/types\/post"}],"author":[{"embeddable":true,"href":"https:\/\/agora.xtec.cat\/iesdelvoltreganes\/wp-json\/wp\/v2\/users\/6"}],"replies":[{"embeddable":true,"href":"https:\/\/agora.xtec.cat\/iesdelvoltreganes\/wp-json\/wp\/v2\/comments?post=4682"}],"version-history":[{"count":2,"href":"https:\/\/agora.xtec.cat\/iesdelvoltreganes\/wp-json\/wp\/v2\/posts\/4682\/revisions"}],"predecessor-version":[{"id":4685,"href":"https:\/\/agora.xtec.cat\/iesdelvoltreganes\/wp-json\/wp\/v2\/posts\/4682\/revisions\/4685"}],"wp:attachment":[{"href":"https:\/\/agora.xtec.cat\/iesdelvoltreganes\/wp-json\/wp\/v2\/media?parent=4682"}],"wp:term":[{"taxonomy":"category","embeddable":true,"href":"https:\/\/agora.xtec.cat\/iesdelvoltreganes\/wp-json\/wp\/v2\/categories?post=4682"},{"taxonomy":"post_tag","embeddable":true,"href":"https:\/\/agora.xtec.cat\/iesdelvoltreganes\/wp-json\/wp\/v2\/tags?post=4682"}],"curies":[{"name":"wp","href":"https:\/\/api.w.org\/{rel}","templated":true}]}}