{"id":4671,"date":"2020-11-20T14:49:07","date_gmt":"2020-11-20T13:49:07","guid":{"rendered":"http:\/\/agora.xtec.cat\/iesdelvoltreganes\/?p=4671"},"modified":"2020-11-20T14:55:26","modified_gmt":"2020-11-20T13:55:26","slug":"dia-internacional-dels-drets-dels-infants","status":"publish","type":"post","link":"https:\/\/agora.xtec.cat\/iesdelvoltreganes\/general\/dia-internacional-dels-drets-dels-infants\/","title":{"rendered":"Dia Internacional dels Drets dels Infants"},"content":{"rendered":"<p><a href=\"https:\/\/agora.xtec.cat\/iesdelvoltreganes\/wp-content\/uploads\/usu618\/2020\/11\/Dia-Drets-Infants-Cartell_page-0001.jpg\"><img loading=\"lazy\" decoding=\"async\" class=\"size-medium wp-image-4673 aligncenter\" src=\"https:\/\/agora.xtec.cat\/iesdelvoltreganes\/wp-content\/uploads\/usu618\/2020\/11\/Dia-Drets-Infants-Cartell_page-0001-212x300.jpg\" alt=\"\" width=\"212\" height=\"300\" srcset=\"https:\/\/agora.xtec.cat\/iesdelvoltreganes\/wp-content\/uploads\/usu618\/2020\/11\/Dia-Drets-Infants-Cartell_page-0001-212x300.jpg 212w, https:\/\/agora.xtec.cat\/iesdelvoltreganes\/wp-content\/uploads\/usu618\/2020\/11\/Dia-Drets-Infants-Cartell_page-0001-768x1086.jpg 768w, https:\/\/agora.xtec.cat\/iesdelvoltreganes\/wp-content\/uploads\/usu618\/2020\/11\/Dia-Drets-Infants-Cartell_page-0001-724x1024.jpg 724w, https:\/\/agora.xtec.cat\/iesdelvoltreganes\/wp-content\/uploads\/usu618\/2020\/11\/Dia-Drets-Infants-Cartell_page-0001.jpg 1754w\" sizes=\"auto, (max-width: 212px) 100vw, 212px\" \/><\/a><a href=\"https:\/\/photos.app.goo.gl\/D1Cjk6LujNf4bBSa7\" target=\"_blank\" rel=\"noopener noreferrer\"><img loading=\"lazy\" decoding=\"async\" class=\"wp-image-4675 size-medium aligncenter\" src=\"https:\/\/agora.xtec.cat\/iesdelvoltreganes\/wp-content\/uploads\/usu618\/2020\/11\/DSC_0174-e1605880316476-300x277.jpg\" alt=\"\" width=\"300\" height=\"277\" srcset=\"https:\/\/agora.xtec.cat\/iesdelvoltreganes\/wp-content\/uploads\/usu618\/2020\/11\/DSC_0174-e1605880316476-300x277.jpg 300w, https:\/\/agora.xtec.cat\/iesdelvoltreganes\/wp-content\/uploads\/usu618\/2020\/11\/DSC_0174-e1605880316476-768x709.jpg 768w, https:\/\/agora.xtec.cat\/iesdelvoltreganes\/wp-content\/uploads\/usu618\/2020\/11\/DSC_0174-e1605880316476-1024x946.jpg 1024w, https:\/\/agora.xtec.cat\/iesdelvoltreganes\/wp-content\/uploads\/usu618\/2020\/11\/DSC_0174-e1605880316476.jpg 1618w\" sizes=\"auto, (max-width: 300px) 100vw, 300px\" \/><\/a><br \/>\nAvui divendres 20 de novembre, commemorem el Dia Internacional dels Drets dels Infants.L&#8217;alumnat de 1r i 2n ESO ha participat de la lectura del manifest i ha gaudit de l&#8217;espectacle Absurditties de la companyia Mortelo &#038; Manzani de Pallassos sense fronteres organitzat per l&#8217;Ajuntament de les Masies de Voltreg\u00e0.Encara que s&#8217;han fet molts aven\u00e7os \u00e9s bo conscienciar sobre la import\u00e0ncia d&#8217;aquests drets.<\/p>\n","protected":false},"excerpt":{"rendered":"<p><a href=\"https:\/\/agora.xtec.cat\/iesdelvoltreganes\/wp-content\/uploads\/usu618\/2020\/11\/Dia-Drets-Infants-Cartell_page-0001.jpg\"><\/a><a href=\"https:\/\/photos.app.goo.gl\/D1Cjk6LujNf4bBSa7\" target=\"_blank\" rel=\"noopener noreferrer\"><\/a><br \/>\nAvui divendres 20 de novembre, commemorem el Dia Internacional dels Drets dels Infants.L&#8217;alumnat de 1r i 2n ESO ha participat de la lectura del manifest i ha gaudit de l&#8217;espectacle Absurditties de la companyia Mortelo &#038; Manzani de Pallassos sense&hellip;  <a href=\"https:\/\/agora.xtec.cat\/iesdelvoltreganes\/general\/dia-internacional-dels-drets-dels-infants\/\" title=\"Read Dia Internacional dels Drets dels Infants\">Llegeix m\u00e9s\u00bb<\/a><\/p>\n","protected":false},"author":6,"featured_media":0,"comment_status":"closed","ping_status":"closed","sticky":false,"template":"","format":"standard","meta":{"_bbp_topic_count":0,"_bbp_reply_count":0,"_bbp_total_topic_count":0,"_bbp_total_reply_count":0,"_bbp_voice_count":0,"_bbp_anonymous_reply_count":0,"_bbp_topic_count_hidden":0,"_bbp_reply_count_hidden":0,"_bbp_forum_subforum_count":0,"footnotes":""},"categories":[4,5,1,29],"tags":[40],"class_list":["post-4671","post","type-post","status-publish","format-standard","hentry","category-eso-1","category-eso-2","category-general","category-portada","tag-teatre"],"post_mailing_queue_ids":[],"_links":{"self":[{"href":"https:\/\/agora.xtec.cat\/iesdelvoltreganes\/wp-json\/wp\/v2\/posts\/4671","targetHints":{"allow":["GET"]}}],"collection":[{"href":"https:\/\/agora.xtec.cat\/iesdelvoltreganes\/wp-json\/wp\/v2\/posts"}],"about":[{"href":"https:\/\/agora.xtec.cat\/iesdelvoltreganes\/wp-json\/wp\/v2\/types\/post"}],"author":[{"embeddable":true,"href":"https:\/\/agora.xtec.cat\/iesdelvoltreganes\/wp-json\/wp\/v2\/users\/6"}],"replies":[{"embeddable":true,"href":"https:\/\/agora.xtec.cat\/iesdelvoltreganes\/wp-json\/wp\/v2\/comments?post=4671"}],"version-history":[{"count":3,"href":"https:\/\/agora.xtec.cat\/iesdelvoltreganes\/wp-json\/wp\/v2\/posts\/4671\/revisions"}],"predecessor-version":[{"id":4678,"href":"https:\/\/agora.xtec.cat\/iesdelvoltreganes\/wp-json\/wp\/v2\/posts\/4671\/revisions\/4678"}],"wp:attachment":[{"href":"https:\/\/agora.xtec.cat\/iesdelvoltreganes\/wp-json\/wp\/v2\/media?parent=4671"}],"wp:term":[{"taxonomy":"category","embeddable":true,"href":"https:\/\/agora.xtec.cat\/iesdelvoltreganes\/wp-json\/wp\/v2\/categories?post=4671"},{"taxonomy":"post_tag","embeddable":true,"href":"https:\/\/agora.xtec.cat\/iesdelvoltreganes\/wp-json\/wp\/v2\/tags?post=4671"}],"curies":[{"name":"wp","href":"https:\/\/api.w.org\/{rel}","templated":true}]}}