{"id":4588,"date":"2020-07-14T12:28:37","date_gmt":"2020-07-14T10:28:37","guid":{"rendered":"http:\/\/agora.xtec.cat\/iesdelvoltreganes\/?p=4588"},"modified":"2020-08-29T16:28:56","modified_gmt":"2020-08-29T14:28:56","slug":"feina-destiu","status":"publish","type":"post","link":"https:\/\/agora.xtec.cat\/iesdelvoltreganes\/general\/feina-destiu\/","title":{"rendered":"Aprenem a l&#8217;estiu"},"content":{"rendered":"<p>L&#8217;estiu \u00e9s temps de vacances i lleure, tamb\u00e9 per aprendre, ja sigui refor\u00e7ant els aprenentatges o descobrint coses noves. En aquest sentit, el centre ha creat al moodle de l&#8217;institut el curs &#8220;Aprenem a l&#8217;estiu&#8221; on oferim un seguit d\u2019activitats i propostes volunt\u00e0ries perqu\u00e8 els vostres fills i filles reforcin i consolidin els continguts que han treballat durant el curs.<br \/>\nQue passeu un bon estiu!<\/p>\n<p><a href=\"https:\/\/educaciodigital.cat\/iesdelvoltreganes\/moodle\/course\/view.php?id=2864\" target=\"_blank\" rel=\"noopener noreferrer\"><img loading=\"lazy\" decoding=\"async\" class=\"alignnone wp-image-4590 size-large\" src=\"https:\/\/agora.xtec.cat\/iesdelvoltreganes\/wp-content\/uploads\/usu618\/2020\/07\/Capturaaprenem-a-lestiu-1024x782.jpg\" alt=\"\" width=\"1024\" height=\"782\" srcset=\"https:\/\/agora.xtec.cat\/iesdelvoltreganes\/wp-content\/uploads\/usu618\/2020\/07\/Capturaaprenem-a-lestiu-1024x782.jpg 1024w, https:\/\/agora.xtec.cat\/iesdelvoltreganes\/wp-content\/uploads\/usu618\/2020\/07\/Capturaaprenem-a-lestiu-300x229.jpg 300w, https:\/\/agora.xtec.cat\/iesdelvoltreganes\/wp-content\/uploads\/usu618\/2020\/07\/Capturaaprenem-a-lestiu-768x587.jpg 768w, https:\/\/agora.xtec.cat\/iesdelvoltreganes\/wp-content\/uploads\/usu618\/2020\/07\/Capturaaprenem-a-lestiu.jpg 1064w\" sizes=\"auto, (max-width: 1024px) 100vw, 1024px\" \/><\/a><\/p>\n","protected":false},"excerpt":{"rendered":"<p>L&#8217;estiu \u00e9s temps de vacances i lleure, tamb\u00e9 per aprendre, ja sigui refor\u00e7ant els aprenentatges o descobrint coses noves. En aquest sentit, el centre ha creat al moodle de l&#8217;institut el curs &#8220;Aprenem a l&#8217;estiu&#8221; on oferim un seguit d\u2019activitats i propostes volunt\u00e0ries perqu\u00e8 els&hellip;  <a href=\"https:\/\/agora.xtec.cat\/iesdelvoltreganes\/general\/feina-destiu\/\" title=\"Read Aprenem a l&#8217;estiu\">Llegeix m\u00e9s\u00bb<\/a><\/p>\n","protected":false},"author":6,"featured_media":0,"comment_status":"closed","ping_status":"closed","sticky":false,"template":"","format":"standard","meta":{"_bbp_topic_count":0,"_bbp_reply_count":0,"_bbp_total_topic_count":0,"_bbp_total_reply_count":0,"_bbp_voice_count":0,"_bbp_anonymous_reply_count":0,"_bbp_topic_count_hidden":0,"_bbp_reply_count_hidden":0,"_bbp_forum_subforum_count":0,"footnotes":""},"categories":[1,29],"tags":[],"class_list":["post-4588","post","type-post","status-publish","format-standard","hentry","category-general","category-portada"],"post_mailing_queue_ids":[],"_links":{"self":[{"href":"https:\/\/agora.xtec.cat\/iesdelvoltreganes\/wp-json\/wp\/v2\/posts\/4588","targetHints":{"allow":["GET"]}}],"collection":[{"href":"https:\/\/agora.xtec.cat\/iesdelvoltreganes\/wp-json\/wp\/v2\/posts"}],"about":[{"href":"https:\/\/agora.xtec.cat\/iesdelvoltreganes\/wp-json\/wp\/v2\/types\/post"}],"author":[{"embeddable":true,"href":"https:\/\/agora.xtec.cat\/iesdelvoltreganes\/wp-json\/wp\/v2\/users\/6"}],"replies":[{"embeddable":true,"href":"https:\/\/agora.xtec.cat\/iesdelvoltreganes\/wp-json\/wp\/v2\/comments?post=4588"}],"version-history":[{"count":3,"href":"https:\/\/agora.xtec.cat\/iesdelvoltreganes\/wp-json\/wp\/v2\/posts\/4588\/revisions"}],"predecessor-version":[{"id":4593,"href":"https:\/\/agora.xtec.cat\/iesdelvoltreganes\/wp-json\/wp\/v2\/posts\/4588\/revisions\/4593"}],"wp:attachment":[{"href":"https:\/\/agora.xtec.cat\/iesdelvoltreganes\/wp-json\/wp\/v2\/media?parent=4588"}],"wp:term":[{"taxonomy":"category","embeddable":true,"href":"https:\/\/agora.xtec.cat\/iesdelvoltreganes\/wp-json\/wp\/v2\/categories?post=4588"},{"taxonomy":"post_tag","embeddable":true,"href":"https:\/\/agora.xtec.cat\/iesdelvoltreganes\/wp-json\/wp\/v2\/tags?post=4588"}],"curies":[{"name":"wp","href":"https:\/\/api.w.org\/{rel}","templated":true}]}}