{"id":4563,"date":"2020-06-24T14:57:04","date_gmt":"2020-06-24T12:57:04","guid":{"rendered":"http:\/\/agora.xtec.cat\/iesdelvoltreganes\/?p=4563"},"modified":"2020-06-25T19:14:04","modified_gmt":"2020-06-25T17:14:04","slug":"premis-angels-viladomat-i-antoni-pous","status":"publish","type":"post","link":"https:\/\/agora.xtec.cat\/iesdelvoltreganes\/general\/premis-angels-viladomat-i-antoni-pous\/","title":{"rendered":"35ns Premis Literaris Antoni Pous 2020"},"content":{"rendered":"<p>\u00cdria Busquets, alumna de 4t d&#8217;ESO del nostre institut, ha guanyat el premi Antoni Pous de poesia de la seva categoria dintre de la convocat\u00f2ria dels premis literaris \u00c0ngels Viladomat i Antoni Pous organitzats per l&#8217;institut Jaume Call\u00eds de Vic. L&#8217;enhorabona!<\/p>\n","protected":false},"excerpt":{"rendered":"<p>\u00cdria Busquets, alumna de 4t d&#8217;ESO del nostre institut, ha guanyat el premi Antoni Pous de poesia de la seva categoria dintre de la convocat\u00f2ria dels premis literaris \u00c0ngels Viladomat i Antoni Pous organitzats per l&#8217;institut Jaume Call\u00eds de Vic. L&#8217;enhorabona!<\/p>\n","protected":false},"author":6,"featured_media":0,"comment_status":"closed","ping_status":"closed","sticky":false,"template":"","format":"standard","meta":{"_bbp_topic_count":0,"_bbp_reply_count":0,"_bbp_total_topic_count":0,"_bbp_total_reply_count":0,"_bbp_voice_count":0,"_bbp_anonymous_reply_count":0,"_bbp_topic_count_hidden":0,"_bbp_reply_count_hidden":0,"_bbp_forum_subforum_count":0,"footnotes":""},"categories":[7,1,72,29],"tags":[],"class_list":["post-4563","post","type-post","status-publish","format-standard","hentry","category-eso-4","category-general","category-llengues-i-literatura","category-portada"],"post_mailing_queue_ids":[],"_links":{"self":[{"href":"https:\/\/agora.xtec.cat\/iesdelvoltreganes\/wp-json\/wp\/v2\/posts\/4563","targetHints":{"allow":["GET"]}}],"collection":[{"href":"https:\/\/agora.xtec.cat\/iesdelvoltreganes\/wp-json\/wp\/v2\/posts"}],"about":[{"href":"https:\/\/agora.xtec.cat\/iesdelvoltreganes\/wp-json\/wp\/v2\/types\/post"}],"author":[{"embeddable":true,"href":"https:\/\/agora.xtec.cat\/iesdelvoltreganes\/wp-json\/wp\/v2\/users\/6"}],"replies":[{"embeddable":true,"href":"https:\/\/agora.xtec.cat\/iesdelvoltreganes\/wp-json\/wp\/v2\/comments?post=4563"}],"version-history":[{"count":3,"href":"https:\/\/agora.xtec.cat\/iesdelvoltreganes\/wp-json\/wp\/v2\/posts\/4563\/revisions"}],"predecessor-version":[{"id":4571,"href":"https:\/\/agora.xtec.cat\/iesdelvoltreganes\/wp-json\/wp\/v2\/posts\/4563\/revisions\/4571"}],"wp:attachment":[{"href":"https:\/\/agora.xtec.cat\/iesdelvoltreganes\/wp-json\/wp\/v2\/media?parent=4563"}],"wp:term":[{"taxonomy":"category","embeddable":true,"href":"https:\/\/agora.xtec.cat\/iesdelvoltreganes\/wp-json\/wp\/v2\/categories?post=4563"},{"taxonomy":"post_tag","embeddable":true,"href":"https:\/\/agora.xtec.cat\/iesdelvoltreganes\/wp-json\/wp\/v2\/tags?post=4563"}],"curies":[{"name":"wp","href":"https:\/\/api.w.org\/{rel}","templated":true}]}}