{"id":4439,"date":"2020-05-08T17:52:24","date_gmt":"2020-05-08T15:52:24","guid":{"rendered":"http:\/\/agora.xtec.cat\/iesdelvoltreganes\/?p=4439"},"modified":"2020-07-07T12:36:58","modified_gmt":"2020-07-07T10:36:58","slug":"preinscripcio-escolar-per-leso","status":"publish","type":"post","link":"https:\/\/agora.xtec.cat\/iesdelvoltreganes\/general\/preinscripcio-escolar-per-leso\/","title":{"rendered":"Preinscripci\u00f3 d&#8217;ESO curs 2020-2021"},"content":{"rendered":"<h4><a href=\"https:\/\/drive.google.com\/file\/d\/1hXGmVXvvlU2Og9SAAQKhoJpmrX2QLuQ6\/view?usp=sharing\" target=\"_blank\" rel=\"noopener noreferrer\"><span style=\"color: #ff0000;\">Alumnes preinscrits al centre 07\/07\/2020<\/span><\/a><\/h4>\n<h4><a href=\"https:\/\/drive.google.com\/file\/d\/1iNBA3NypZxLZkt74Y0zLiy9M7jwvQb7a\/view?usp=sharing\" target=\"_blank\" rel=\"noopener noreferrer\"><span style=\"color: #ff0000;\">Alumnes assignats al centre amb indicaci\u00f3 de la primera petici\u00f3 a 07\/07\/2020<\/span><\/a><\/h4>\n<h4><a href=\"https:\/\/drive.google.com\/file\/d\/1B2lgGKf_p_DQDHVP1dnOdxRo5dlGoGOd\/view?usp=sharing\" target=\"_blank\" rel=\"noopener noreferrer\"><span style=\"color: #ff0000;\">Llista d&#8217;espera del centre a 07\/07\/2020<\/span><\/a><\/h4>\n<p><a href=\"https:\/\/drive.google.com\/file\/d\/1wb_mrgbYfGWfCh8NNDOnLLcZIP4mn9xB\/view?usp=sharing\" target=\"_blank\" rel=\"noopener noreferrer\"><span style=\"color: #ff0000;\"><span style=\"color: #000000;\">Llista de sol\u00b7licituds que han demanat el centre i l&#8217;ensenyament en primera <\/span><\/span><span style=\"color: #000000;\">petici\u00f3 ordenada definitiva a 11\/06\/2020<\/span><\/a><\/p>\n<p><span style=\"color: #000000;\">La preinscripci\u00f3 escolar per l&#8217;ESO ser\u00e0 entre el 13 i el 22 de maig<\/span><\/p>\n<p><a href=\"https:\/\/drive.google.com\/file\/d\/1aCQvaA-SYRJ-fBZA98w1YWKFD6YFIjeR\/view?usp=sharing\" target=\"_blank\" rel=\"noopener noreferrer\">Informacio\u0301 preinscripcio\u0301 2020-21<\/a><br \/>\n<a href=\"http:\/\/ensenyament.gencat.cat\/ca\/tramits\/tramits-temes\/20483_preinscripcio_escolar?moda=1\" target=\"_blank\" rel=\"noopener noreferrer\" data-saferedirecturl=\"https:\/\/www.google.com\/url?q=http:\/\/ensenyament.gencat.cat\/ca\/tramits\/tramits-temes\/20483_preinscripcio_escolar?moda%3D1&amp;source=gmail&amp;ust=1589527909905000&amp;usg=AFQjCNEgM_qXFqBpyYjD0DDNjeAbHcfzIg\">Sol\u00b7licitud de preinscripci\u00f3<\/a><br \/>\n<a href=\"https:\/\/aplicacions.gestioeducativa.gencat.cat\/pls\/apex\/f?p=CITA_PREVIA:4::::4:P4_TIPUS_CALENDARI,P4_DOMINI:01_Oblig,08060976\" target=\"_blank\" rel=\"noopener noreferrer\">Cita pr\u00e8via<\/a><br \/>\n<a href=\"https:\/\/drive.google.com\/file\/d\/1PqN4t7dEMm-K9pLHAnJZedXDbR6xpklj\/view?usp=sharing\" target=\"_blank\" rel=\"noopener noreferrer\">T&#8217;ajudem a fer la preinscripci\u00f3<\/a><br \/>\n<iframe loading=\"lazy\" src=\"\/\/www.gencat.cat\/big\/visormedia\/iframe\/index.html?type=default&amp;idBig=7997472117050820&amp;idNice=7a37b0e4e2a41d3a3582&amp;width=480&amp;height=270&amp;subt=false\" width=\"480\" height=\"270\" frameborder=\"0\"><\/iframe><\/p>\n<p dir=\"ltr\">Enlla\u00e7 informaci\u00f3 preinscripci\u00f3 d\u2019ESO, on hi trobareu els criteris d&#8217;admissi\u00f3 i el calendari:<\/p>\n<p dir=\"ltr\"><a href=\"http:\/\/queestudiar.gencat.cat\/ca\/preinscripcio\/estudis\/obligatoris\/\" target=\"_blank\" rel=\"noopener noreferrer\" data-saferedirecturl=\"https:\/\/www.google.com\/url?q=http:\/\/queestudiar.gencat.cat\/ca\/preinscripcio\/estudis\/obligatoris\/&amp;source=gmail&amp;ust=1589039358527000&amp;usg=AFQjCNFQyzNILPVFQkQfP3v6pNamE6lkKg\">http:\/\/queestudiar.gencat.cat\/<wbr \/>ca\/preinscripcio\/estudis\/<wbr \/>obligatoris\/<\/a><\/p>\n<p dir=\"ltr\"><a href=\"https:\/\/drive.google.com\/file\/d\/1yACXm7a83dkBNs_Y6R8yEZbrTz9IByKa\/view?usp=sharing\" target=\"_blank\" rel=\"noopener noreferrer\"><span style=\"color: #ff0000;\"><span style=\"color: #000000;\">Publicaci\u00f3 de la llista de sol\u00b7licituds que han demanat el centre i l&#8217;ensenyament en primera petici\u00f3 amb el barem provisional a 29\/05\/2020<\/span><\/span> <\/a><\/p>\n<p><a href=\"https:\/\/drive.google.com\/file\/d\/1sj53JisLOVVcsnaAzy411rb7haIoqs0p\/view?usp=sharing\" target=\"_blank\" rel=\"noopener noreferrer\">Quotes<\/a><br \/>\n<a href=\"https:\/\/drive.google.com\/file\/d\/1-53vYgz5SzVRKhUlFRbhi173iZA88n8E\/view?usp=sharing\" target=\"_blank\" rel=\"noopener noreferrer\">Carta de comprom\u00eds<\/a><\/p>\n","protected":false},"excerpt":{"rendered":"<p><a href=\"https:\/\/drive.google.com\/file\/d\/1hXGmVXvvlU2Og9SAAQKhoJpmrX2QLuQ6\/view?usp=sharing\" target=\"_blank\" rel=\"noopener noreferrer\">Alumnes preinscrits al centre 07\/07\/2020<\/a><br \/>\n<a href=\"https:\/\/drive.google.com\/file\/d\/1iNBA3NypZxLZkt74Y0zLiy9M7jwvQb7a\/view?usp=sharing\" target=\"_blank\" rel=\"noopener noreferrer\">Alumnes assignats al centre amb indicaci\u00f3 de la primera petici\u00f3 a 07\/07\/2020<\/a><br \/>\n<a href=\"https:\/\/drive.google.com\/file\/d\/1B2lgGKf_p_DQDHVP1dnOdxRo5dlGoGOd\/view?usp=sharing\" target=\"_blank\" rel=\"noopener noreferrer\">Llista d&#8217;espera del centre a 07\/07\/2020<\/a><br \/>\n<a href=\"https:\/\/drive.google.com\/file\/d\/1wb_mrgbYfGWfCh8NNDOnLLcZIP4mn9xB\/view?usp=sharing\" target=\"_blank\" rel=\"noopener noreferrer\">Llista de sol\u00b7licituds que han demanat el centre i&hellip;  <a href=\"https:\/\/agora.xtec.cat\/iesdelvoltreganes\/general\/preinscripcio-escolar-per-leso\/\" title=\"Read Preinscripci\u00f3 d&#8217;ESO curs 2020-2021\">Llegeix m\u00e9s\u00bb<\/a><\/p>\n","protected":false},"author":6,"featured_media":0,"comment_status":"closed","ping_status":"closed","sticky":false,"template":"","format":"standard","meta":{"_bbp_topic_count":0,"_bbp_reply_count":0,"_bbp_total_topic_count":0,"_bbp_total_reply_count":0,"_bbp_voice_count":0,"_bbp_anonymous_reply_count":0,"_bbp_topic_count_hidden":0,"_bbp_reply_count_hidden":0,"_bbp_forum_subforum_count":0,"footnotes":""},"categories":[1,29],"tags":[],"class_list":["post-4439","post","type-post","status-publish","format-standard","hentry","category-general","category-portada"],"post_mailing_queue_ids":[],"_links":{"self":[{"href":"https:\/\/agora.xtec.cat\/iesdelvoltreganes\/wp-json\/wp\/v2\/posts\/4439","targetHints":{"allow":["GET"]}}],"collection":[{"href":"https:\/\/agora.xtec.cat\/iesdelvoltreganes\/wp-json\/wp\/v2\/posts"}],"about":[{"href":"https:\/\/agora.xtec.cat\/iesdelvoltreganes\/wp-json\/wp\/v2\/types\/post"}],"author":[{"embeddable":true,"href":"https:\/\/agora.xtec.cat\/iesdelvoltreganes\/wp-json\/wp\/v2\/users\/6"}],"replies":[{"embeddable":true,"href":"https:\/\/agora.xtec.cat\/iesdelvoltreganes\/wp-json\/wp\/v2\/comments?post=4439"}],"version-history":[{"count":4,"href":"https:\/\/agora.xtec.cat\/iesdelvoltreganes\/wp-json\/wp\/v2\/posts\/4439\/revisions"}],"predecessor-version":[{"id":4585,"href":"https:\/\/agora.xtec.cat\/iesdelvoltreganes\/wp-json\/wp\/v2\/posts\/4439\/revisions\/4585"}],"wp:attachment":[{"href":"https:\/\/agora.xtec.cat\/iesdelvoltreganes\/wp-json\/wp\/v2\/media?parent=4439"}],"wp:term":[{"taxonomy":"category","embeddable":true,"href":"https:\/\/agora.xtec.cat\/iesdelvoltreganes\/wp-json\/wp\/v2\/categories?post=4439"},{"taxonomy":"post_tag","embeddable":true,"href":"https:\/\/agora.xtec.cat\/iesdelvoltreganes\/wp-json\/wp\/v2\/tags?post=4439"}],"curies":[{"name":"wp","href":"https:\/\/api.w.org\/{rel}","templated":true}]}}