{"id":4395,"date":"2020-03-08T19:53:23","date_gmt":"2020-03-08T18:53:23","guid":{"rendered":"http:\/\/agora.xtec.cat\/iesdelvoltreganes\/?p=4395"},"modified":"2020-03-08T19:53:23","modified_gmt":"2020-03-08T18:53:23","slug":"els-plastics","status":"publish","type":"post","link":"https:\/\/agora.xtec.cat\/iesdelvoltreganes\/general\/els-plastics\/","title":{"rendered":"Els pl\u00e0stics"},"content":{"rendered":"<p><a href=\"https:\/\/photos.app.goo.gl\/psggyJgBsAyp5C2XA\" target=\"_blank\" rel=\"noopener noreferrer\"><img loading=\"lazy\" decoding=\"async\" class=\"alignnone wp-image-4396 size-medium\" src=\"https:\/\/agora.xtec.cat\/iesdelvoltreganes\/wp-content\/uploads\/usu618\/2020\/03\/DSC_0998-300x199.jpg\" alt=\"\" width=\"300\" height=\"199\" srcset=\"https:\/\/agora.xtec.cat\/iesdelvoltreganes\/wp-content\/uploads\/usu618\/2020\/03\/DSC_0998-300x199.jpg 300w, https:\/\/agora.xtec.cat\/iesdelvoltreganes\/wp-content\/uploads\/usu618\/2020\/03\/DSC_0998-768x509.jpg 768w, https:\/\/agora.xtec.cat\/iesdelvoltreganes\/wp-content\/uploads\/usu618\/2020\/03\/DSC_0998-1024x679.jpg 1024w\" sizes=\"auto, (max-width: 300px) 100vw, 300px\" \/><\/a><\/p>\n<p>A 1r d&#8217;ESO hem estudiat els pl\u00e0stics i hem muntat una petita exposici\u00f3 de cara a la jornada de portes obertes. Vam visitar la petroqu\u00edmica de Tarragona i vam fer uns tallers al camp d&#8217;aprenentatge de Tarragona. Els alumnes de 1r A hem fet la part d&#8217;obtenci\u00f3 dels pol\u00edmers. Els alumnes de 1r C hem fet la part de l&#8217;exposici\u00f3 de la conformaci\u00f3 dels pl\u00e0stics, \u00e9s a dir, un cop obtinguts els pol\u00edmers s&#8217;han de fer els objectes de pl\u00e0stic. I els alumnes de 1r B hem fet la part de contaminaci\u00f3 dels pl\u00e0stics. Tots vam buscar i penjar al moodle imatges de pl\u00e0stics i art, i les hem penjades en un plaf\u00f3. Tamb\u00e9 hem projectat imatges impactants de pl\u00e0stics i contaminaci\u00f3.<\/p>\n","protected":false},"excerpt":{"rendered":"<p><a href=\"https:\/\/photos.app.goo.gl\/psggyJgBsAyp5C2XA\" target=\"_blank\" rel=\"noopener noreferrer\"><\/a><br \/>\nA 1r d&#8217;ESO hem estudiat els pl\u00e0stics i hem muntat una petita exposici\u00f3 de cara a la jornada de portes obertes. Vam visitar la petroqu\u00edmica de Tarragona i vam fer uns tallers al camp d&#8217;aprenentatge de Tarragona. Els alumnes de 1r&hellip;  <a href=\"https:\/\/agora.xtec.cat\/iesdelvoltreganes\/general\/els-plastics\/\" title=\"Read Els pl\u00e0stics\">Llegeix m\u00e9s\u00bb<\/a><\/p>\n","protected":false},"author":6,"featured_media":0,"comment_status":"closed","ping_status":"closed","sticky":false,"template":"","format":"standard","meta":{"_bbp_topic_count":0,"_bbp_reply_count":0,"_bbp_total_topic_count":0,"_bbp_total_reply_count":0,"_bbp_voice_count":0,"_bbp_anonymous_reply_count":0,"_bbp_topic_count_hidden":0,"_bbp_reply_count_hidden":0,"_bbp_forum_subforum_count":0,"footnotes":""},"categories":[4,1,64],"tags":[],"class_list":["post-4395","post","type-post","status-publish","format-standard","hentry","category-eso-1","category-general","category-tecnologia"],"post_mailing_queue_ids":[],"_links":{"self":[{"href":"https:\/\/agora.xtec.cat\/iesdelvoltreganes\/wp-json\/wp\/v2\/posts\/4395","targetHints":{"allow":["GET"]}}],"collection":[{"href":"https:\/\/agora.xtec.cat\/iesdelvoltreganes\/wp-json\/wp\/v2\/posts"}],"about":[{"href":"https:\/\/agora.xtec.cat\/iesdelvoltreganes\/wp-json\/wp\/v2\/types\/post"}],"author":[{"embeddable":true,"href":"https:\/\/agora.xtec.cat\/iesdelvoltreganes\/wp-json\/wp\/v2\/users\/6"}],"replies":[{"embeddable":true,"href":"https:\/\/agora.xtec.cat\/iesdelvoltreganes\/wp-json\/wp\/v2\/comments?post=4395"}],"version-history":[{"count":1,"href":"https:\/\/agora.xtec.cat\/iesdelvoltreganes\/wp-json\/wp\/v2\/posts\/4395\/revisions"}],"predecessor-version":[{"id":4397,"href":"https:\/\/agora.xtec.cat\/iesdelvoltreganes\/wp-json\/wp\/v2\/posts\/4395\/revisions\/4397"}],"wp:attachment":[{"href":"https:\/\/agora.xtec.cat\/iesdelvoltreganes\/wp-json\/wp\/v2\/media?parent=4395"}],"wp:term":[{"taxonomy":"category","embeddable":true,"href":"https:\/\/agora.xtec.cat\/iesdelvoltreganes\/wp-json\/wp\/v2\/categories?post=4395"},{"taxonomy":"post_tag","embeddable":true,"href":"https:\/\/agora.xtec.cat\/iesdelvoltreganes\/wp-json\/wp\/v2\/tags?post=4395"}],"curies":[{"name":"wp","href":"https:\/\/api.w.org\/{rel}","templated":true}]}}