{"id":4375,"date":"2020-03-06T10:02:37","date_gmt":"2020-03-06T09:02:37","guid":{"rendered":"http:\/\/agora.xtec.cat\/iesdelvoltreganes\/?p=4375"},"modified":"2020-03-06T10:08:28","modified_gmt":"2020-03-06T09:08:28","slug":"visita-a-la-cooperativa-la-fageda-2","status":"publish","type":"post","link":"https:\/\/agora.xtec.cat\/iesdelvoltreganes\/general\/visita-a-la-cooperativa-la-fageda-2\/","title":{"rendered":"Visita a la cooperativa La Fageda"},"content":{"rendered":"<p><a href=\"https:\/\/photos.app.goo.gl\/RzMKmNLKQXPXBgxh9\" target=\"_blank\" rel=\"noopener noreferrer\"><img loading=\"lazy\" decoding=\"async\" class=\"alignnone wp-image-4377 size-medium\" src=\"https:\/\/agora.xtec.cat\/iesdelvoltreganes\/wp-content\/uploads\/usu618\/2020\/03\/IMG_0750-300x225.jpg\" alt=\"\" width=\"300\" height=\"225\" srcset=\"https:\/\/agora.xtec.cat\/iesdelvoltreganes\/wp-content\/uploads\/usu618\/2020\/03\/IMG_0750-300x225.jpg 300w, https:\/\/agora.xtec.cat\/iesdelvoltreganes\/wp-content\/uploads\/usu618\/2020\/03\/IMG_0750-768x576.jpg 768w, https:\/\/agora.xtec.cat\/iesdelvoltreganes\/wp-content\/uploads\/usu618\/2020\/03\/IMG_0750-1024x768.jpg 1024w, https:\/\/agora.xtec.cat\/iesdelvoltreganes\/wp-content\/uploads\/usu618\/2020\/03\/IMG_0750-200x150.jpg 200w, https:\/\/agora.xtec.cat\/iesdelvoltreganes\/wp-content\/uploads\/usu618\/2020\/03\/IMG_0750.jpg 2016w\" sizes=\"auto, (max-width: 300px) 100vw, 300px\" \/><\/a><\/p>\n<p>Els alumnes de 2n d&#8217;ESO han realitzat la sortida a la La Fageda, situada al bell mig del Parc Natural de la Zona Volc\u00e0nica de la Garrotxa. En aquesta activitat organitzada per l&#8217;\u00e0mbit de tecnologia, han visitat la granja i la producci\u00f3 de iogurts, melmelades i gelats de la cooperativa.<br \/>\nTamb\u00e9 han pogut con\u00e8ixer el projecte empresarial, iniciat el 1982 amb l\u2019objectiu d\u2019inserir laboralment i socialment les persones amb discapacitat ps\u00edquica o trastorns mentals severs de la comarca.<br \/>\nGr\u00e0cies a la tasca dels monitors i l&#8217;actitud mostrada per els alumnes la visita ha estat un \u00e8xit.<\/p>\n","protected":false},"excerpt":{"rendered":"<p><a href=\"https:\/\/photos.app.goo.gl\/RzMKmNLKQXPXBgxh9\" target=\"_blank\" rel=\"noopener noreferrer\"><\/a><br \/>\nEls alumnes de 2n d&#8217;ESO han realitzat la sortida a la La Fageda, situada al bell mig del Parc Natural de la Zona Volc\u00e0nica de la Garrotxa. En aquesta activitat organitzada per l&#8217;\u00e0mbit de tecnologia, han visitat la granja i la&hellip;  <a href=\"https:\/\/agora.xtec.cat\/iesdelvoltreganes\/general\/visita-a-la-cooperativa-la-fageda-2\/\" title=\"Read Visita a la cooperativa La Fageda\">Llegeix m\u00e9s\u00bb<\/a><\/p>\n","protected":false},"author":6,"featured_media":0,"comment_status":"closed","ping_status":"closed","sticky":false,"template":"","format":"standard","meta":{"_bbp_topic_count":0,"_bbp_reply_count":0,"_bbp_total_topic_count":0,"_bbp_total_reply_count":0,"_bbp_voice_count":0,"_bbp_anonymous_reply_count":0,"_bbp_topic_count_hidden":0,"_bbp_reply_count_hidden":0,"_bbp_forum_subforum_count":0,"footnotes":""},"categories":[5,1,29,64],"tags":[39],"class_list":["post-4375","post","type-post","status-publish","format-standard","hentry","category-eso-2","category-general","category-portada","category-tecnologia","tag-sortides"],"post_mailing_queue_ids":[],"_links":{"self":[{"href":"https:\/\/agora.xtec.cat\/iesdelvoltreganes\/wp-json\/wp\/v2\/posts\/4375","targetHints":{"allow":["GET"]}}],"collection":[{"href":"https:\/\/agora.xtec.cat\/iesdelvoltreganes\/wp-json\/wp\/v2\/posts"}],"about":[{"href":"https:\/\/agora.xtec.cat\/iesdelvoltreganes\/wp-json\/wp\/v2\/types\/post"}],"author":[{"embeddable":true,"href":"https:\/\/agora.xtec.cat\/iesdelvoltreganes\/wp-json\/wp\/v2\/users\/6"}],"replies":[{"embeddable":true,"href":"https:\/\/agora.xtec.cat\/iesdelvoltreganes\/wp-json\/wp\/v2\/comments?post=4375"}],"version-history":[{"count":3,"href":"https:\/\/agora.xtec.cat\/iesdelvoltreganes\/wp-json\/wp\/v2\/posts\/4375\/revisions"}],"predecessor-version":[{"id":4379,"href":"https:\/\/agora.xtec.cat\/iesdelvoltreganes\/wp-json\/wp\/v2\/posts\/4375\/revisions\/4379"}],"wp:attachment":[{"href":"https:\/\/agora.xtec.cat\/iesdelvoltreganes\/wp-json\/wp\/v2\/media?parent=4375"}],"wp:term":[{"taxonomy":"category","embeddable":true,"href":"https:\/\/agora.xtec.cat\/iesdelvoltreganes\/wp-json\/wp\/v2\/categories?post=4375"},{"taxonomy":"post_tag","embeddable":true,"href":"https:\/\/agora.xtec.cat\/iesdelvoltreganes\/wp-json\/wp\/v2\/tags?post=4375"}],"curies":[{"name":"wp","href":"https:\/\/api.w.org\/{rel}","templated":true}]}}