{"id":4370,"date":"2020-02-27T15:09:59","date_gmt":"2020-02-27T14:09:59","guid":{"rendered":"http:\/\/agora.xtec.cat\/iesdelvoltreganes\/?p=4370"},"modified":"2020-03-06T10:09:04","modified_gmt":"2020-03-06T09:09:04","slug":"visitat-al-monestir-i-a-lscriptorium-de-la-vila-de-ripoll","status":"publish","type":"post","link":"https:\/\/agora.xtec.cat\/iesdelvoltreganes\/general\/visitat-al-monestir-i-a-lscriptorium-de-la-vila-de-ripoll\/","title":{"rendered":"Visita al monestir i a l&#8217;Script\u00f2rium de la vila de Ripoll"},"content":{"rendered":"<p>Aquest mat\u00ed l&#8217;alumnat de 2n d&#8217;ESO ha visitat el monestir i script\u00f2rium de la vila de Ripoll. Al llarg de la visita han pogut aprofundir en la vida a l&#8217;Edat Mitjana i fins han pogut posar-se a la pell d&#8217;un monjo copista practicant amb la cal.ligrafia medieval.<\/p>\n<p><a href=\"https:\/\/photos.app.goo.gl\/BSVYUH7QFKz5hDYr5\" target=\"_blank\" rel=\"noopener noreferrer\"><img loading=\"lazy\" decoding=\"async\" class=\"alignnone wp-image-4371 size-medium\" src=\"https:\/\/agora.xtec.cat\/iesdelvoltreganes\/wp-content\/uploads\/usu618\/2020\/02\/IMG_20200227_103850-300x225.jpg\" alt=\"\" width=\"300\" height=\"225\" srcset=\"https:\/\/agora.xtec.cat\/iesdelvoltreganes\/wp-content\/uploads\/usu618\/2020\/02\/IMG_20200227_103850-300x225.jpg 300w, https:\/\/agora.xtec.cat\/iesdelvoltreganes\/wp-content\/uploads\/usu618\/2020\/02\/IMG_20200227_103850-768x576.jpg 768w, https:\/\/agora.xtec.cat\/iesdelvoltreganes\/wp-content\/uploads\/usu618\/2020\/02\/IMG_20200227_103850-1024x768.jpg 1024w, https:\/\/agora.xtec.cat\/iesdelvoltreganes\/wp-content\/uploads\/usu618\/2020\/02\/IMG_20200227_103850-200x150.jpg 200w\" sizes=\"auto, (max-width: 300px) 100vw, 300px\" \/><\/a><\/p>\n","protected":false},"excerpt":{"rendered":"<p>Aquest mat\u00ed l&#8217;alumnat de 2n d&#8217;ESO ha visitat el monestir i script\u00f2rium de la vila de Ripoll. Al llarg de la visita han pogut aprofundir en la vida a l&#8217;Edat Mitjana i fins han pogut posar-se a la pell d&#8217;un monjo copista practicant amb la&hellip;  <a href=\"https:\/\/agora.xtec.cat\/iesdelvoltreganes\/general\/visitat-al-monestir-i-a-lscriptorium-de-la-vila-de-ripoll\/\" title=\"Read Visita al monestir i a l&#8217;Script\u00f2rium de la vila de Ripoll\">Llegeix m\u00e9s\u00bb<\/a><\/p>\n","protected":false},"author":6,"featured_media":0,"comment_status":"closed","ping_status":"closed","sticky":false,"template":"","format":"standard","meta":{"_bbp_topic_count":0,"_bbp_reply_count":0,"_bbp_total_topic_count":0,"_bbp_total_reply_count":0,"_bbp_voice_count":0,"_bbp_anonymous_reply_count":0,"_bbp_topic_count_hidden":0,"_bbp_reply_count_hidden":0,"_bbp_forum_subforum_count":0,"footnotes":""},"categories":[5,1,29],"tags":[39],"class_list":["post-4370","post","type-post","status-publish","format-standard","hentry","category-eso-2","category-general","category-portada","tag-sortides"],"post_mailing_queue_ids":[],"_links":{"self":[{"href":"https:\/\/agora.xtec.cat\/iesdelvoltreganes\/wp-json\/wp\/v2\/posts\/4370","targetHints":{"allow":["GET"]}}],"collection":[{"href":"https:\/\/agora.xtec.cat\/iesdelvoltreganes\/wp-json\/wp\/v2\/posts"}],"about":[{"href":"https:\/\/agora.xtec.cat\/iesdelvoltreganes\/wp-json\/wp\/v2\/types\/post"}],"author":[{"embeddable":true,"href":"https:\/\/agora.xtec.cat\/iesdelvoltreganes\/wp-json\/wp\/v2\/users\/6"}],"replies":[{"embeddable":true,"href":"https:\/\/agora.xtec.cat\/iesdelvoltreganes\/wp-json\/wp\/v2\/comments?post=4370"}],"version-history":[{"count":3,"href":"https:\/\/agora.xtec.cat\/iesdelvoltreganes\/wp-json\/wp\/v2\/posts\/4370\/revisions"}],"predecessor-version":[{"id":4380,"href":"https:\/\/agora.xtec.cat\/iesdelvoltreganes\/wp-json\/wp\/v2\/posts\/4370\/revisions\/4380"}],"wp:attachment":[{"href":"https:\/\/agora.xtec.cat\/iesdelvoltreganes\/wp-json\/wp\/v2\/media?parent=4370"}],"wp:term":[{"taxonomy":"category","embeddable":true,"href":"https:\/\/agora.xtec.cat\/iesdelvoltreganes\/wp-json\/wp\/v2\/categories?post=4370"},{"taxonomy":"post_tag","embeddable":true,"href":"https:\/\/agora.xtec.cat\/iesdelvoltreganes\/wp-json\/wp\/v2\/tags?post=4370"}],"curies":[{"name":"wp","href":"https:\/\/api.w.org\/{rel}","templated":true}]}}