{"id":4320,"date":"2020-01-29T21:33:02","date_gmt":"2020-01-29T20:33:02","guid":{"rendered":"http:\/\/agora.xtec.cat\/iesdelvoltreganes\/?p=4320"},"modified":"2020-02-09T16:05:21","modified_gmt":"2020-02-09T15:05:21","slug":"estada-a-tarragona","status":"publish","type":"post","link":"https:\/\/agora.xtec.cat\/iesdelvoltreganes\/general\/estada-a-tarragona\/","title":{"rendered":"Estada al camp de treball de Tarragona amb els alumnes de 1r d&#8217;ESO"},"content":{"rendered":"<p><a href=\"https:\/\/photos.app.goo.gl\/nskPuKwrBNRDsWii6\" target=\"_blank\" rel=\"noopener noreferrer\"><img loading=\"lazy\" decoding=\"async\" class=\"alignnone wp-image-4324 size-medium\" src=\"https:\/\/agora.xtec.cat\/iesdelvoltreganes\/wp-content\/uploads\/usu618\/2020\/01\/P1220580-300x169.jpg\" alt=\"\" width=\"300\" height=\"169\" srcset=\"https:\/\/agora.xtec.cat\/iesdelvoltreganes\/wp-content\/uploads\/usu618\/2020\/01\/P1220580-300x169.jpg 300w, https:\/\/agora.xtec.cat\/iesdelvoltreganes\/wp-content\/uploads\/usu618\/2020\/01\/P1220580-768x432.jpg 768w, https:\/\/agora.xtec.cat\/iesdelvoltreganes\/wp-content\/uploads\/usu618\/2020\/01\/P1220580-1024x576.jpg 1024w, https:\/\/agora.xtec.cat\/iesdelvoltreganes\/wp-content\/uploads\/usu618\/2020\/01\/P1220580.jpg 1920w\" sizes=\"auto, (max-width: 300px) 100vw, 300px\" \/><\/a><\/p>\n<p>El nostre alumnat de primer d&#8217;ESO ha fet una estada de tres dies al camp d&#8217;aprenentatge de Tarragona per participar en unes  jornades que els ha perm\u00e9s tirar endavant el seu projecte sobre Tarraco. A m\u00e9s a m\u00e9s, la sortida tamb\u00e9 ha incl\u00f2s uns tallers sobre la ind\u00fastria petroqu\u00edmica de la zona que ha perm\u00e8s la descoberta d&#8217;aquest sector aix\u00ed com la import\u00e0ncia econ\u00f2mica i l&#8217;impacte que aquesta t\u00e9 sobre el territori. No cal dir que la sortida ha estat genial per poder gaudir d&#8217;uns dies de conviv\u00e8ncia fora del nostre entorn habitual.<\/p>\n","protected":false},"excerpt":{"rendered":"<p><a href=\"https:\/\/photos.app.goo.gl\/nskPuKwrBNRDsWii6\" target=\"_blank\" rel=\"noopener noreferrer\"><\/a><br \/>\nEl nostre alumnat de primer d&#8217;ESO ha fet una estada de tres dies al camp d&#8217;aprenentatge de Tarragona per participar en unes  jornades que els ha perm\u00e9s tirar endavant el seu projecte sobre Tarraco. A m\u00e9s a m\u00e9s, la sortida&hellip;  <a href=\"https:\/\/agora.xtec.cat\/iesdelvoltreganes\/general\/estada-a-tarragona\/\" title=\"Read Estada al camp de treball de Tarragona amb els alumnes de 1r d&#8217;ESO\">Llegeix m\u00e9s\u00bb<\/a><\/p>\n","protected":false},"author":6,"featured_media":0,"comment_status":"closed","ping_status":"closed","sticky":false,"template":"","format":"standard","meta":{"_bbp_topic_count":0,"_bbp_reply_count":0,"_bbp_total_topic_count":0,"_bbp_total_reply_count":0,"_bbp_voice_count":0,"_bbp_anonymous_reply_count":0,"_bbp_topic_count_hidden":0,"_bbp_reply_count_hidden":0,"_bbp_forum_subforum_count":0,"footnotes":""},"categories":[66,4,1,29],"tags":[],"class_list":["post-4320","post","type-post","status-publish","format-standard","hentry","category-ciencies-socials","category-eso-1","category-general","category-portada"],"post_mailing_queue_ids":[],"_links":{"self":[{"href":"https:\/\/agora.xtec.cat\/iesdelvoltreganes\/wp-json\/wp\/v2\/posts\/4320","targetHints":{"allow":["GET"]}}],"collection":[{"href":"https:\/\/agora.xtec.cat\/iesdelvoltreganes\/wp-json\/wp\/v2\/posts"}],"about":[{"href":"https:\/\/agora.xtec.cat\/iesdelvoltreganes\/wp-json\/wp\/v2\/types\/post"}],"author":[{"embeddable":true,"href":"https:\/\/agora.xtec.cat\/iesdelvoltreganes\/wp-json\/wp\/v2\/users\/6"}],"replies":[{"embeddable":true,"href":"https:\/\/agora.xtec.cat\/iesdelvoltreganes\/wp-json\/wp\/v2\/comments?post=4320"}],"version-history":[{"count":3,"href":"https:\/\/agora.xtec.cat\/iesdelvoltreganes\/wp-json\/wp\/v2\/posts\/4320\/revisions"}],"predecessor-version":[{"id":4335,"href":"https:\/\/agora.xtec.cat\/iesdelvoltreganes\/wp-json\/wp\/v2\/posts\/4320\/revisions\/4335"}],"wp:attachment":[{"href":"https:\/\/agora.xtec.cat\/iesdelvoltreganes\/wp-json\/wp\/v2\/media?parent=4320"}],"wp:term":[{"taxonomy":"category","embeddable":true,"href":"https:\/\/agora.xtec.cat\/iesdelvoltreganes\/wp-json\/wp\/v2\/categories?post=4320"},{"taxonomy":"post_tag","embeddable":true,"href":"https:\/\/agora.xtec.cat\/iesdelvoltreganes\/wp-json\/wp\/v2\/tags?post=4320"}],"curies":[{"name":"wp","href":"https:\/\/api.w.org\/{rel}","templated":true}]}}