{"id":4296,"date":"2020-01-09T09:16:26","date_gmt":"2020-01-09T08:16:26","guid":{"rendered":"http:\/\/agora.xtec.cat\/iesdelvoltreganes\/?p=4296"},"modified":"2020-01-09T09:22:39","modified_gmt":"2020-01-09T08:22:39","slug":"espai-critic","status":"publish","type":"post","link":"https:\/\/agora.xtec.cat\/iesdelvoltreganes\/general\/espai-critic\/","title":{"rendered":"Espai Cr\u00edtic"},"content":{"rendered":"<p><a href=\"https:\/\/agora.xtec.cat\/iesdelvoltreganes\/wp-content\/uploads\/usu618\/2020\/01\/DSC_0607-e1578558142951.jpg\"><img loading=\"lazy\" decoding=\"async\" class=\"alignnone wp-image-4298 size-medium\" src=\"https:\/\/agora.xtec.cat\/iesdelvoltreganes\/wp-content\/uploads\/usu618\/2020\/01\/DSC_0607-e1578558142951-208x300.jpg\" alt=\"\" width=\"208\" height=\"300\" srcset=\"https:\/\/agora.xtec.cat\/iesdelvoltreganes\/wp-content\/uploads\/usu618\/2020\/01\/DSC_0607-e1578558142951-208x300.jpg 208w, https:\/\/agora.xtec.cat\/iesdelvoltreganes\/wp-content\/uploads\/usu618\/2020\/01\/DSC_0607-e1578558142951-768x1106.jpg 768w, https:\/\/agora.xtec.cat\/iesdelvoltreganes\/wp-content\/uploads\/usu618\/2020\/01\/DSC_0607-e1578558142951-711x1024.jpg 711w, https:\/\/agora.xtec.cat\/iesdelvoltreganes\/wp-content\/uploads\/usu618\/2020\/01\/DSC_0607-e1578558142951.jpg 1500w\" sizes=\"auto, (max-width: 208px) 100vw, 208px\" \/><\/a><\/p>\n<p>Els alumnes de 1r i 2n de batxillerat obren &lt;&gt;, un nou espai expositiu per a la reflexi\u00f3 filos\u00f2fica que vol interpel\u00b7lar tota la comunitat educativa i que promet diferents exposicions tem\u00e0tiques durant el curs.<\/p>\n<p>La proposta comen\u00e7a amb una primera exposici\u00f3 de material gr\u00e0fic que fa replantejar q\u00fcestions entorn del Nadal del tot transversals: Som fidels als valors originaris de la tradici\u00f3? La festa es redueix a un acte de consum al servei del sistema capitalista? Com afecta la globalitzaci\u00f3 a les nostres tradicions? Quin \u00e9s el cost real de les nostres accions? Hi ha discriminacions que es fan m\u00e9s evidents durant aquestes festes?<\/p>\n<p>Tot un conjunt d&#8217;interrogants que no us deixaran indiferents!<\/p>\n<p><a href=\"https:\/\/agora.xtec.cat\/iesdelvoltreganes\/wp-content\/uploads\/usu618\/2020\/01\/DSC_0608.jpg\"><img loading=\"lazy\" decoding=\"async\" class=\"alignnone wp-image-4299 size-medium\" src=\"https:\/\/agora.xtec.cat\/iesdelvoltreganes\/wp-content\/uploads\/usu618\/2020\/01\/DSC_0608-e1578557915117-199x300.jpg\" alt=\"\" width=\"199\" height=\"300\" srcset=\"https:\/\/agora.xtec.cat\/iesdelvoltreganes\/wp-content\/uploads\/usu618\/2020\/01\/DSC_0608-e1578557915117-199x300.jpg 199w, https:\/\/agora.xtec.cat\/iesdelvoltreganes\/wp-content\/uploads\/usu618\/2020\/01\/DSC_0608-e1578557915117-768x1158.jpg 768w, https:\/\/agora.xtec.cat\/iesdelvoltreganes\/wp-content\/uploads\/usu618\/2020\/01\/DSC_0608-e1578557915117-679x1024.jpg 679w, https:\/\/agora.xtec.cat\/iesdelvoltreganes\/wp-content\/uploads\/usu618\/2020\/01\/DSC_0608-e1578557915117.jpg 1496w\" sizes=\"auto, (max-width: 199px) 100vw, 199px\" \/><\/a> <a href=\"https:\/\/agora.xtec.cat\/iesdelvoltreganes\/wp-content\/uploads\/usu618\/2020\/01\/DSC_0609-e1578557954584.jpg\"><img loading=\"lazy\" decoding=\"async\" class=\"alignnone wp-image-4300 size-medium\" src=\"https:\/\/agora.xtec.cat\/iesdelvoltreganes\/wp-content\/uploads\/usu618\/2020\/01\/DSC_0609-e1578557954584-300x265.jpg\" alt=\"\" width=\"300\" height=\"265\" srcset=\"https:\/\/agora.xtec.cat\/iesdelvoltreganes\/wp-content\/uploads\/usu618\/2020\/01\/DSC_0609-e1578557954584-300x265.jpg 300w, https:\/\/agora.xtec.cat\/iesdelvoltreganes\/wp-content\/uploads\/usu618\/2020\/01\/DSC_0609-e1578557954584-768x678.jpg 768w, https:\/\/agora.xtec.cat\/iesdelvoltreganes\/wp-content\/uploads\/usu618\/2020\/01\/DSC_0609-e1578557954584-1024x904.jpg 1024w, https:\/\/agora.xtec.cat\/iesdelvoltreganes\/wp-content\/uploads\/usu618\/2020\/01\/DSC_0609-e1578557954584.jpg 1641w\" sizes=\"auto, (max-width: 300px) 100vw, 300px\" \/><\/a><a href=\"https:\/\/agora.xtec.cat\/iesdelvoltreganes\/wp-content\/uploads\/usu618\/2020\/01\/DSC_0604-e1578558062229.jpg\"><img loading=\"lazy\" decoding=\"async\" class=\"alignnone size-medium wp-image-4301\" src=\"https:\/\/agora.xtec.cat\/iesdelvoltreganes\/wp-content\/uploads\/usu618\/2020\/01\/DSC_0604-e1578558062229-300x196.jpg\" alt=\"\" width=\"300\" height=\"196\" srcset=\"https:\/\/agora.xtec.cat\/iesdelvoltreganes\/wp-content\/uploads\/usu618\/2020\/01\/DSC_0604-e1578558062229-300x196.jpg 300w, https:\/\/agora.xtec.cat\/iesdelvoltreganes\/wp-content\/uploads\/usu618\/2020\/01\/DSC_0604-e1578558062229-768x502.jpg 768w, https:\/\/agora.xtec.cat\/iesdelvoltreganes\/wp-content\/uploads\/usu618\/2020\/01\/DSC_0604-e1578558062229-1024x670.jpg 1024w, https:\/\/agora.xtec.cat\/iesdelvoltreganes\/wp-content\/uploads\/usu618\/2020\/01\/DSC_0604-e1578558062229.jpg 1793w\" sizes=\"auto, (max-width: 300px) 100vw, 300px\" \/><\/a><\/p>\n","protected":false},"excerpt":{"rendered":"<p><a href=\"https:\/\/agora.xtec.cat\/iesdelvoltreganes\/wp-content\/uploads\/usu618\/2020\/01\/DSC_0607-e1578558142951.jpg\"><\/a><br \/>\nEls alumnes de 1r i 2n de batxillerat obren &lt;&gt;, un nou espai expositiu per a la reflexi\u00f3 filos\u00f2fica que vol interpel\u00b7lar tota la comunitat educativa i que promet diferents exposicions tem\u00e0tiques durant el curs.<br \/>\nLa proposta comen\u00e7a amb una primera exposici\u00f3 de material gr\u00e0fic&hellip;  <a href=\"https:\/\/agora.xtec.cat\/iesdelvoltreganes\/general\/espai-critic\/\" title=\"Read Espai Cr\u00edtic\">Llegeix m\u00e9s\u00bb<\/a><\/p>\n","protected":false},"author":6,"featured_media":0,"comment_status":"closed","ping_status":"closed","sticky":false,"template":"","format":"standard","meta":{"_bbp_topic_count":0,"_bbp_reply_count":0,"_bbp_total_topic_count":0,"_bbp_total_reply_count":0,"_bbp_voice_count":0,"_bbp_anonymous_reply_count":0,"_bbp_topic_count_hidden":0,"_bbp_reply_count_hidden":0,"_bbp_forum_subforum_count":0,"footnotes":""},"categories":[8,68,1,29],"tags":[],"class_list":["post-4296","post","type-post","status-publish","format-standard","hentry","category-batxillerat","category-filosofia","category-general","category-portada"],"post_mailing_queue_ids":[],"_links":{"self":[{"href":"https:\/\/agora.xtec.cat\/iesdelvoltreganes\/wp-json\/wp\/v2\/posts\/4296","targetHints":{"allow":["GET"]}}],"collection":[{"href":"https:\/\/agora.xtec.cat\/iesdelvoltreganes\/wp-json\/wp\/v2\/posts"}],"about":[{"href":"https:\/\/agora.xtec.cat\/iesdelvoltreganes\/wp-json\/wp\/v2\/types\/post"}],"author":[{"embeddable":true,"href":"https:\/\/agora.xtec.cat\/iesdelvoltreganes\/wp-json\/wp\/v2\/users\/6"}],"replies":[{"embeddable":true,"href":"https:\/\/agora.xtec.cat\/iesdelvoltreganes\/wp-json\/wp\/v2\/comments?post=4296"}],"version-history":[{"count":3,"href":"https:\/\/agora.xtec.cat\/iesdelvoltreganes\/wp-json\/wp\/v2\/posts\/4296\/revisions"}],"predecessor-version":[{"id":4303,"href":"https:\/\/agora.xtec.cat\/iesdelvoltreganes\/wp-json\/wp\/v2\/posts\/4296\/revisions\/4303"}],"wp:attachment":[{"href":"https:\/\/agora.xtec.cat\/iesdelvoltreganes\/wp-json\/wp\/v2\/media?parent=4296"}],"wp:term":[{"taxonomy":"category","embeddable":true,"href":"https:\/\/agora.xtec.cat\/iesdelvoltreganes\/wp-json\/wp\/v2\/categories?post=4296"},{"taxonomy":"post_tag","embeddable":true,"href":"https:\/\/agora.xtec.cat\/iesdelvoltreganes\/wp-json\/wp\/v2\/tags?post=4296"}],"curies":[{"name":"wp","href":"https:\/\/api.w.org\/{rel}","templated":true}]}}