{"id":4279,"date":"2019-11-20T13:42:59","date_gmt":"2019-11-20T12:42:59","guid":{"rendered":"http:\/\/agora.xtec.cat\/iesdelvoltreganes\/?p=4279"},"modified":"2019-12-19T13:53:38","modified_gmt":"2019-12-19T12:53:38","slug":"sortida-al-montseny-amb-1r-deso","status":"publish","type":"post","link":"https:\/\/agora.xtec.cat\/iesdelvoltreganes\/general\/sortida-al-montseny-amb-1r-deso\/","title":{"rendered":"Sortida al Montseny amb 1r d&#8217;ESO"},"content":{"rendered":"<p><a href=\"https:\/\/photos.app.goo.gl\/SD9bKfKYQwbqbQre9\" target=\"_blank\" rel=\"noopener noreferrer\"><img loading=\"lazy\" decoding=\"async\" class=\"alignnone wp-image-4280 size-medium\" src=\"https:\/\/agora.xtec.cat\/iesdelvoltreganes\/wp-content\/uploads\/usu618\/2019\/12\/IMG-20191120-WA0011-138x300.jpg\" alt=\"\" width=\"138\" height=\"300\" srcset=\"https:\/\/agora.xtec.cat\/iesdelvoltreganes\/wp-content\/uploads\/usu618\/2019\/12\/IMG-20191120-WA0011-138x300.jpg 138w, https:\/\/agora.xtec.cat\/iesdelvoltreganes\/wp-content\/uploads\/usu618\/2019\/12\/IMG-20191120-WA0011-768x1666.jpg 768w, https:\/\/agora.xtec.cat\/iesdelvoltreganes\/wp-content\/uploads\/usu618\/2019\/12\/IMG-20191120-WA0011-472x1024.jpg 472w, https:\/\/agora.xtec.cat\/iesdelvoltreganes\/wp-content\/uploads\/usu618\/2019\/12\/IMG-20191120-WA0011.jpg 944w\" sizes=\"auto, (max-width: 138px) 100vw, 138px\" \/><\/a><\/p>\n<p>Els alumnes de 1r d\u2019ESO hem tingut l\u2019oportunitat de participar de nou en el projecte: &#8220;Apropa\u2019t al m\u00f3n del llop\u201d.<br \/>\nL\u2019activitat ha consistit en dues sessions, la primera al mateix institut i la segona al Parc Mediambiental de Gualba, al Parc Natural del Montseny.<br \/>\nEl dia 12 de novembre ens va visitar un expert, i vam aprendre molt sobre la biologia i l&#8217;ecologia del llop, i el dia 19 vam anar al Montseny per fer un joc de pistes pel bosc, tot buscant rastres i petjades del llop, i per a con\u00e8ixer la Lupus, una lloba que est\u00e0 socialitzada i que ens va permetre observar i aprendre m\u00e9s coses en primer persona sobre aquest apassionant animal i la seva problem\u00e0tica de conservaci\u00f3.<\/p>\n<p>&nbsp;<\/p>\n","protected":false},"excerpt":{"rendered":"<p><a href=\"https:\/\/photos.app.goo.gl\/SD9bKfKYQwbqbQre9\" target=\"_blank\" rel=\"noopener noreferrer\"><\/a><br \/>\nEls alumnes de 1r d\u2019ESO hem tingut l\u2019oportunitat de participar de nou en el projecte: &#8220;Apropa\u2019t al m\u00f3n del llop\u201d.<br \/>\nL\u2019activitat ha consistit en dues sessions, la primera al mateix institut i la segona al Parc Mediambiental de Gualba, al Parc Natural&hellip;  <a href=\"https:\/\/agora.xtec.cat\/iesdelvoltreganes\/general\/sortida-al-montseny-amb-1r-deso\/\" title=\"Read Sortida al Montseny amb 1r d&#8217;ESO\">Llegeix m\u00e9s\u00bb<\/a><\/p>\n","protected":false},"author":6,"featured_media":0,"comment_status":"closed","ping_status":"closed","sticky":false,"template":"","format":"standard","meta":{"_bbp_topic_count":0,"_bbp_reply_count":0,"_bbp_total_topic_count":0,"_bbp_total_reply_count":0,"_bbp_voice_count":0,"_bbp_anonymous_reply_count":0,"_bbp_topic_count_hidden":0,"_bbp_reply_count_hidden":0,"_bbp_forum_subforum_count":0,"footnotes":""},"categories":[65,4,1,29],"tags":[39],"class_list":["post-4279","post","type-post","status-publish","format-standard","hentry","category-ciencies-experimentals","category-eso-1","category-general","category-portada","tag-sortides"],"post_mailing_queue_ids":[],"_links":{"self":[{"href":"https:\/\/agora.xtec.cat\/iesdelvoltreganes\/wp-json\/wp\/v2\/posts\/4279","targetHints":{"allow":["GET"]}}],"collection":[{"href":"https:\/\/agora.xtec.cat\/iesdelvoltreganes\/wp-json\/wp\/v2\/posts"}],"about":[{"href":"https:\/\/agora.xtec.cat\/iesdelvoltreganes\/wp-json\/wp\/v2\/types\/post"}],"author":[{"embeddable":true,"href":"https:\/\/agora.xtec.cat\/iesdelvoltreganes\/wp-json\/wp\/v2\/users\/6"}],"replies":[{"embeddable":true,"href":"https:\/\/agora.xtec.cat\/iesdelvoltreganes\/wp-json\/wp\/v2\/comments?post=4279"}],"version-history":[{"count":1,"href":"https:\/\/agora.xtec.cat\/iesdelvoltreganes\/wp-json\/wp\/v2\/posts\/4279\/revisions"}],"predecessor-version":[{"id":4281,"href":"https:\/\/agora.xtec.cat\/iesdelvoltreganes\/wp-json\/wp\/v2\/posts\/4279\/revisions\/4281"}],"wp:attachment":[{"href":"https:\/\/agora.xtec.cat\/iesdelvoltreganes\/wp-json\/wp\/v2\/media?parent=4279"}],"wp:term":[{"taxonomy":"category","embeddable":true,"href":"https:\/\/agora.xtec.cat\/iesdelvoltreganes\/wp-json\/wp\/v2\/categories?post=4279"},{"taxonomy":"post_tag","embeddable":true,"href":"https:\/\/agora.xtec.cat\/iesdelvoltreganes\/wp-json\/wp\/v2\/tags?post=4279"}],"curies":[{"name":"wp","href":"https:\/\/api.w.org\/{rel}","templated":true}]}}