{"id":4246,"date":"2019-11-21T09:47:01","date_gmt":"2019-11-21T08:47:01","guid":{"rendered":"http:\/\/agora.xtec.cat\/iesdelvoltreganes\/?p=4246"},"modified":"2024-04-08T12:03:50","modified_gmt":"2024-04-08T10:03:50","slug":"cataleg-de-la-biblioteca","status":"publish","type":"post","link":"https:\/\/agora.xtec.cat\/iesdelvoltreganes\/llibres-recomanats\/cataleg-de-la-biblioteca\/","title":{"rendered":"La biblioteca de l&#8217;institut"},"content":{"rendered":"<p><a href=\"https:\/\/sites.google.com\/insvoltreganes.cat\/institut-del-voltregans\/presentaci%C3%B3\" target=\"_blank\" rel=\"noopener\">La biblioteca de l&#8217;institut<\/a><\/p>\n<p>Ja tenim aqu\u00ed el bloc de la biblioteca, un espai que acostar\u00e0 a tothom la biblioteca del Voltregan\u00e8s.<br \/>\nEn el nostre fons bibliogr\u00e0fic trobareu llibres de consulta, de lectura i revistes per complaure totes les edats, temes i g\u00e8neres literaris.<br \/>\nLa biblioteca tamb\u00e9 ofereix la possibilitat d\u2019emportar-se llibres en pr\u00e9stec i d\u2019afavorir la participaci\u00f3 en les activitats que proposa el professorat i la comissi\u00f3 de la biblioteca.<\/p>\n","protected":false},"excerpt":{"rendered":"<p><a href=\"https:\/\/sites.google.com\/insvoltreganes.cat\/institut-del-voltregans\/presentaci%C3%B3\" target=\"_blank\" rel=\"noopener\">La biblioteca de l&#8217;institut<\/a><br \/>\nJa tenim aqu\u00ed el bloc de la biblioteca, un espai que acostar\u00e0 a tothom la biblioteca del Voltregan\u00e8s.<br \/>\nEn el nostre fons bibliogr\u00e0fic trobareu llibres de consulta, de lectura i revistes per complaure totes les edats, temes i g\u00e8neres literaris.<br \/>\nLa&hellip;  <a href=\"https:\/\/agora.xtec.cat\/iesdelvoltreganes\/llibres-recomanats\/cataleg-de-la-biblioteca\/\" title=\"Read La biblioteca de l&#8217;institut\">Llegeix m\u00e9s\u00bb<\/a><\/p>\n","protected":false},"author":6,"featured_media":0,"comment_status":"closed","ping_status":"closed","sticky":true,"template":"","format":"standard","meta":{"_bbp_topic_count":0,"_bbp_reply_count":0,"_bbp_total_topic_count":0,"_bbp_total_reply_count":0,"_bbp_voice_count":0,"_bbp_anonymous_reply_count":0,"_bbp_topic_count_hidden":0,"_bbp_reply_count_hidden":0,"_bbp_forum_subforum_count":0,"footnotes":""},"categories":[81],"tags":[82],"class_list":["post-4246","post","type-post","status-publish","format-standard","hentry","category-llibres-recomanats","tag-llibres"],"post_mailing_queue_ids":[],"_links":{"self":[{"href":"https:\/\/agora.xtec.cat\/iesdelvoltreganes\/wp-json\/wp\/v2\/posts\/4246","targetHints":{"allow":["GET"]}}],"collection":[{"href":"https:\/\/agora.xtec.cat\/iesdelvoltreganes\/wp-json\/wp\/v2\/posts"}],"about":[{"href":"https:\/\/agora.xtec.cat\/iesdelvoltreganes\/wp-json\/wp\/v2\/types\/post"}],"author":[{"embeddable":true,"href":"https:\/\/agora.xtec.cat\/iesdelvoltreganes\/wp-json\/wp\/v2\/users\/6"}],"replies":[{"embeddable":true,"href":"https:\/\/agora.xtec.cat\/iesdelvoltreganes\/wp-json\/wp\/v2\/comments?post=4246"}],"version-history":[{"count":6,"href":"https:\/\/agora.xtec.cat\/iesdelvoltreganes\/wp-json\/wp\/v2\/posts\/4246\/revisions"}],"predecessor-version":[{"id":6517,"href":"https:\/\/agora.xtec.cat\/iesdelvoltreganes\/wp-json\/wp\/v2\/posts\/4246\/revisions\/6517"}],"wp:attachment":[{"href":"https:\/\/agora.xtec.cat\/iesdelvoltreganes\/wp-json\/wp\/v2\/media?parent=4246"}],"wp:term":[{"taxonomy":"category","embeddable":true,"href":"https:\/\/agora.xtec.cat\/iesdelvoltreganes\/wp-json\/wp\/v2\/categories?post=4246"},{"taxonomy":"post_tag","embeddable":true,"href":"https:\/\/agora.xtec.cat\/iesdelvoltreganes\/wp-json\/wp\/v2\/tags?post=4246"}],"curies":[{"name":"wp","href":"https:\/\/api.w.org\/{rel}","templated":true}]}}