{"id":4212,"date":"2019-11-14T13:41:41","date_gmt":"2019-11-14T12:41:41","guid":{"rendered":"http:\/\/agora.xtec.cat\/iesdelvoltreganes\/?p=4212"},"modified":"2019-11-18T11:37:30","modified_gmt":"2019-11-18T10:37:30","slug":"xerrades-2","status":"publish","type":"post","link":"https:\/\/agora.xtec.cat\/iesdelvoltreganes\/general\/xerrades-2\/","title":{"rendered":"Xerrades per despertar vocacions tecnol\u00f2giques"},"content":{"rendered":"<p>El Patronat Polit\u00e8cnica, juntament amb l&#8217;Escola Polit\u00e8cnica Superior de Girona, organitza xerrades per despertar vocacions tecnol\u00f2giques, i coincidint amb la Setmana de la Ci\u00e8ncia els hem convidat a fer-ne una sobre Intel\u00b7lig\u00e8ncia artificial i un altra sobre Realitat augmentada.<br \/>\nL&#8217;\u00d2scar Baya ens ha parlat d&#8217;intel\u00b7lig\u00e8ncia artificial aplicada a la medicina i la salut, i en Ramon Fabregat de l&#8217;\u00fas educatiu de la realitat augmentada.<\/p>\n<p><a href=\"https:\/\/agora.xtec.cat\/iesdelvoltreganes\/wp-content\/uploads\/usu618\/2019\/11\/DSC_1179-e1573736951724.jpg\"><img loading=\"lazy\" decoding=\"async\" class=\"alignnone size-medium wp-image-4223\" src=\"https:\/\/agora.xtec.cat\/iesdelvoltreganes\/wp-content\/uploads\/usu618\/2019\/11\/DSC_1179-e1573736951724-300x174.jpg\" alt=\"\" width=\"300\" height=\"174\" srcset=\"https:\/\/agora.xtec.cat\/iesdelvoltreganes\/wp-content\/uploads\/usu618\/2019\/11\/DSC_1179-e1573736951724-300x174.jpg 300w, https:\/\/agora.xtec.cat\/iesdelvoltreganes\/wp-content\/uploads\/usu618\/2019\/11\/DSC_1179-e1573736951724-768x446.jpg 768w, https:\/\/agora.xtec.cat\/iesdelvoltreganes\/wp-content\/uploads\/usu618\/2019\/11\/DSC_1179-e1573736951724-1024x594.jpg 1024w, https:\/\/agora.xtec.cat\/iesdelvoltreganes\/wp-content\/uploads\/usu618\/2019\/11\/DSC_1179-e1573736951724.jpg 1827w\" sizes=\"auto, (max-width: 300px) 100vw, 300px\" \/><\/a><\/p>\n","protected":false},"excerpt":{"rendered":"<p>El Patronat Polit\u00e8cnica, juntament amb l&#8217;Escola Polit\u00e8cnica Superior de Girona, organitza xerrades per despertar vocacions tecnol\u00f2giques, i coincidint amb la Setmana de la Ci\u00e8ncia els hem convidat a fer-ne una sobre Intel\u00b7lig\u00e8ncia artificial i un altra sobre Realitat augmentada.<br \/>\nL&#8217;\u00d2scar Baya ens ha parlat d&#8217;intel\u00b7lig\u00e8ncia artificial&hellip;  <a href=\"https:\/\/agora.xtec.cat\/iesdelvoltreganes\/general\/xerrades-2\/\" title=\"Read Xerrades per despertar vocacions tecnol\u00f2giques\">Llegeix m\u00e9s\u00bb<\/a><\/p>\n","protected":false},"author":6,"featured_media":0,"comment_status":"closed","ping_status":"closed","sticky":false,"template":"","format":"standard","meta":{"_bbp_topic_count":0,"_bbp_reply_count":0,"_bbp_total_topic_count":0,"_bbp_total_reply_count":0,"_bbp_voice_count":0,"_bbp_anonymous_reply_count":0,"_bbp_topic_count_hidden":0,"_bbp_reply_count_hidden":0,"_bbp_forum_subforum_count":0,"footnotes":""},"categories":[1,29],"tags":[],"class_list":["post-4212","post","type-post","status-publish","format-standard","hentry","category-general","category-portada"],"post_mailing_queue_ids":[],"_links":{"self":[{"href":"https:\/\/agora.xtec.cat\/iesdelvoltreganes\/wp-json\/wp\/v2\/posts\/4212","targetHints":{"allow":["GET"]}}],"collection":[{"href":"https:\/\/agora.xtec.cat\/iesdelvoltreganes\/wp-json\/wp\/v2\/posts"}],"about":[{"href":"https:\/\/agora.xtec.cat\/iesdelvoltreganes\/wp-json\/wp\/v2\/types\/post"}],"author":[{"embeddable":true,"href":"https:\/\/agora.xtec.cat\/iesdelvoltreganes\/wp-json\/wp\/v2\/users\/6"}],"replies":[{"embeddable":true,"href":"https:\/\/agora.xtec.cat\/iesdelvoltreganes\/wp-json\/wp\/v2\/comments?post=4212"}],"version-history":[{"count":3,"href":"https:\/\/agora.xtec.cat\/iesdelvoltreganes\/wp-json\/wp\/v2\/posts\/4212\/revisions"}],"predecessor-version":[{"id":4232,"href":"https:\/\/agora.xtec.cat\/iesdelvoltreganes\/wp-json\/wp\/v2\/posts\/4212\/revisions\/4232"}],"wp:attachment":[{"href":"https:\/\/agora.xtec.cat\/iesdelvoltreganes\/wp-json\/wp\/v2\/media?parent=4212"}],"wp:term":[{"taxonomy":"category","embeddable":true,"href":"https:\/\/agora.xtec.cat\/iesdelvoltreganes\/wp-json\/wp\/v2\/categories?post=4212"},{"taxonomy":"post_tag","embeddable":true,"href":"https:\/\/agora.xtec.cat\/iesdelvoltreganes\/wp-json\/wp\/v2\/tags?post=4212"}],"curies":[{"name":"wp","href":"https:\/\/api.w.org\/{rel}","templated":true}]}}