{"id":4186,"date":"2019-11-13T11:01:49","date_gmt":"2019-11-13T10:01:49","guid":{"rendered":"http:\/\/agora.xtec.cat\/iesdelvoltreganes\/?p=4186"},"modified":"2019-11-14T14:12:57","modified_gmt":"2019-11-14T13:12:57","slug":"setmana-de-la-ciencia","status":"publish","type":"post","link":"https:\/\/agora.xtec.cat\/iesdelvoltreganes\/general\/setmana-de-la-ciencia\/","title":{"rendered":"Setmana de la ci\u00e8ncia"},"content":{"rendered":"<p><a href=\"https:\/\/agora.xtec.cat\/iesdelvoltreganes\/wp-content\/uploads\/usu618\/2019\/11\/LogoAll_SetmanaCiencia19_FundacioRecerca_FCRi.png\"><img loading=\"lazy\" decoding=\"async\" class=\"alignnone size-medium wp-image-4198\" src=\"https:\/\/agora.xtec.cat\/iesdelvoltreganes\/wp-content\/uploads\/usu618\/2019\/11\/LogoAll_SetmanaCiencia19_FundacioRecerca_FCRi-300x37.png\" alt=\"\" width=\"300\" height=\"37\" srcset=\"https:\/\/agora.xtec.cat\/iesdelvoltreganes\/wp-content\/uploads\/usu618\/2019\/11\/LogoAll_SetmanaCiencia19_FundacioRecerca_FCRi-300x37.png 300w, https:\/\/agora.xtec.cat\/iesdelvoltreganes\/wp-content\/uploads\/usu618\/2019\/11\/LogoAll_SetmanaCiencia19_FundacioRecerca_FCRi.png 663w\" sizes=\"auto, (max-width: 300px) 100vw, 300px\" \/><\/a><\/p>\n<p><span style=\"font-weight: 400;\">En motiu de la <\/span>24a Setmana de la Ci\u00e8ncia<span style=\"font-weight: 400;\"> que se celebra del <\/span>8 al 17 de novembre<span style=\"font-weight: 400;\"> arreu del nostre territori, i per iniciativa, organitzaci\u00f3 i lideratge de la comissi\u00f3 STEAM, el centre\u00a0 ha volgut participar-hi participant en tot un seguit de reptes cient\u00edfics, pensats i creats per la comissi\u00f3, amb l\u2019objectiu d\u2019estimular l\u2019inter\u00e8s en les compet\u00e8ncies cientificotecnol\u00f2giques i matem\u00e0tiques.<\/span><\/p>\n<p>Dilluns, hem fet els grups.<br \/>\nDimarts, els alumnes han constru\u00eft una torre Marshmallow, amb 20 espaguetis, 1 metre de fil, 1 metre de cinta adhesiva i un n\u00favol de llaminadura.<br \/>\nDimecres, amb les lletres dels s\u00edmbols de la taula peri\u00f2dica han de construir una frase o una paraula amb sentit.<br \/>\nDijous, amb les peces del tangram han de construir figures.<\/p>\n<figure class=\"figure wp-caption alignleft\"><a href=\"https:\/\/photos.app.goo.gl\/hPWeUctHLWKozdtB6\" target=\"_blank\" rel=\"noopener noreferrer\"><img loading=\"lazy\" decoding=\"async\" class=\"wp-image-4190 size-thumbnail\" src=\"https:\/\/agora.xtec.cat\/iesdelvoltreganes\/wp-content\/uploads\/usu618\/2019\/11\/DSC_1073-e1573552827330-150x150.jpg\" alt=\"\" width=\"150\" height=\"150\" \/><\/a><figcaption class=\"wp-caption-text\">Aconseguir construir la torre m\u00e9s alta possible<\/figcaption><\/figure>\n<p>&nbsp;<\/p>\n<figure class=\"figure wp-caption alignnone\"><a href=\"https:\/\/photos.app.goo.gl\/KgDntpYUda3QtYEq5\" target=\"_blank\" rel=\"noopener noreferrer\"><img loading=\"lazy\" decoding=\"async\" class=\"wp-image-4203 size-medium\" src=\"https:\/\/agora.xtec.cat\/iesdelvoltreganes\/wp-content\/uploads\/usu618\/2019\/11\/001-e1573719537726-300x155.jpg\" alt=\"\" width=\"300\" height=\"155\" srcset=\"https:\/\/agora.xtec.cat\/iesdelvoltreganes\/wp-content\/uploads\/usu618\/2019\/11\/001-e1573719537726-300x155.jpg 300w, https:\/\/agora.xtec.cat\/iesdelvoltreganes\/wp-content\/uploads\/usu618\/2019\/11\/001-e1573719537726-768x397.jpg 768w, https:\/\/agora.xtec.cat\/iesdelvoltreganes\/wp-content\/uploads\/usu618\/2019\/11\/001-e1573719537726-1024x529.jpg 1024w\" sizes=\"auto, (max-width: 300px) 100vw, 300px\" \/><\/a><figcaption class=\"wp-caption-text\">Una frase amb el nom dels elements de la taula peri\u00f2dica<\/figcaption><\/figure>\n<figure class=\"figure wp-caption aligncenter\"><a href=\"https:\/\/photos.app.goo.gl\/hmUY3Ramxvga5x3i6\" target=\"_blank\" rel=\"noopener noreferrer\"><img loading=\"lazy\" decoding=\"async\" class=\"wp-image-4209 size-thumbnail\" src=\"https:\/\/agora.xtec.cat\/iesdelvoltreganes\/wp-content\/uploads\/usu618\/2019\/11\/DSC_1163-150x150.jpg\" alt=\"\" width=\"150\" height=\"150\" \/><\/a><figcaption class=\"wp-caption-text\">Construint figures amb les peces del tangram<\/figcaption><\/figure>\n<p>&nbsp;<\/p>\n","protected":false},"excerpt":{"rendered":"<p><a href=\"https:\/\/agora.xtec.cat\/iesdelvoltreganes\/wp-content\/uploads\/usu618\/2019\/11\/LogoAll_SetmanaCiencia19_FundacioRecerca_FCRi.png\"><\/a><br \/>\nEn motiu de la 24a Setmana de la Ci\u00e8ncia que se celebra del 8 al 17 de novembre arreu del nostre territori, i per iniciativa, organitzaci\u00f3 i lideratge de la comissi\u00f3 STEAM, el centre\u00a0 ha volgut participar-hi participant en tot un seguit de reptes&hellip;  <a href=\"https:\/\/agora.xtec.cat\/iesdelvoltreganes\/general\/setmana-de-la-ciencia\/\" title=\"Read Setmana de la ci\u00e8ncia\">Llegeix m\u00e9s\u00bb<\/a><\/p>\n","protected":false},"author":6,"featured_media":0,"comment_status":"closed","ping_status":"closed","sticky":false,"template":"","format":"standard","meta":{"_bbp_topic_count":0,"_bbp_reply_count":0,"_bbp_total_topic_count":0,"_bbp_total_reply_count":0,"_bbp_voice_count":0,"_bbp_anonymous_reply_count":0,"_bbp_topic_count_hidden":0,"_bbp_reply_count_hidden":0,"_bbp_forum_subforum_count":0,"footnotes":""},"categories":[1,29],"tags":[],"class_list":["post-4186","post","type-post","status-publish","format-standard","hentry","category-general","category-portada"],"post_mailing_queue_ids":[],"_links":{"self":[{"href":"https:\/\/agora.xtec.cat\/iesdelvoltreganes\/wp-json\/wp\/v2\/posts\/4186","targetHints":{"allow":["GET"]}}],"collection":[{"href":"https:\/\/agora.xtec.cat\/iesdelvoltreganes\/wp-json\/wp\/v2\/posts"}],"about":[{"href":"https:\/\/agora.xtec.cat\/iesdelvoltreganes\/wp-json\/wp\/v2\/types\/post"}],"author":[{"embeddable":true,"href":"https:\/\/agora.xtec.cat\/iesdelvoltreganes\/wp-json\/wp\/v2\/users\/6"}],"replies":[{"embeddable":true,"href":"https:\/\/agora.xtec.cat\/iesdelvoltreganes\/wp-json\/wp\/v2\/comments?post=4186"}],"version-history":[{"count":4,"href":"https:\/\/agora.xtec.cat\/iesdelvoltreganes\/wp-json\/wp\/v2\/posts\/4186\/revisions"}],"predecessor-version":[{"id":4227,"href":"https:\/\/agora.xtec.cat\/iesdelvoltreganes\/wp-json\/wp\/v2\/posts\/4186\/revisions\/4227"}],"wp:attachment":[{"href":"https:\/\/agora.xtec.cat\/iesdelvoltreganes\/wp-json\/wp\/v2\/media?parent=4186"}],"wp:term":[{"taxonomy":"category","embeddable":true,"href":"https:\/\/agora.xtec.cat\/iesdelvoltreganes\/wp-json\/wp\/v2\/categories?post=4186"},{"taxonomy":"post_tag","embeddable":true,"href":"https:\/\/agora.xtec.cat\/iesdelvoltreganes\/wp-json\/wp\/v2\/tags?post=4186"}],"curies":[{"name":"wp","href":"https:\/\/api.w.org\/{rel}","templated":true}]}}