{"id":4167,"date":"2019-10-28T10:25:32","date_gmt":"2019-10-28T09:25:32","guid":{"rendered":"http:\/\/agora.xtec.cat\/iesdelvoltreganes\/?p=4167"},"modified":"2019-10-28T10:26:24","modified_gmt":"2019-10-28T09:26:24","slug":"visita-al-centre-de-restauracio-de-bens-mobles-de-catalunya","status":"publish","type":"post","link":"https:\/\/agora.xtec.cat\/iesdelvoltreganes\/general\/visita-al-centre-de-restauracio-de-bens-mobles-de-catalunya\/","title":{"rendered":"Visita al Centre de Restauraci\u00f3 de B\u00e9ns Mobles de Catalunya"},"content":{"rendered":"<p>El passat divendres 25 d&#8217;octubre el batxillerat human\u00edstic i social del nostre institut va visitar les instal\u00b7lacions del\u00a0 <a class=\"titol-cap-nou car50\" href=\"http:\/\/centrederestauracio.gencat.cat\/ca\/\" target=\"_blank\" rel=\"noopener noreferrer\">Centre de Restauraci\u00f3 de B\u00e9ns Mobles de Catalunya<\/a> (CRBMC) a Valldoreix. Durant la visita guiada l&#8217;alumnat va poder veure l&#8217;ingr\u00e9s, catalogaci\u00f3, recorregut i diferents t\u00e8cniques que s&#8217;apliquen a les peces d&#8217;art a partir de la seva entrada al centre. La visita tamb\u00e9 va servir per mostrar la import\u00e0ncia del manteniment del patrimoni aix\u00ed com per valorar la preparaci\u00f3 t\u00e8cnica i acad\u00e8mica dels restauradors.<\/p>\n","protected":false},"excerpt":{"rendered":"<p>El passat divendres 25 d&#8217;octubre el batxillerat human\u00edstic i social del nostre institut va visitar les instal\u00b7lacions del\u00a0 <a class=\"titol-cap-nou car50\" href=\"http:\/\/centrederestauracio.gencat.cat\/ca\/\" target=\"_blank\" rel=\"noopener noreferrer\">Centre de Restauraci\u00f3 de B\u00e9ns Mobles de Catalunya<\/a> (CRBMC) a Valldoreix. Durant la visita guiada l&#8217;alumnat va poder veure l&#8217;ingr\u00e9s, catalogaci\u00f3,&hellip;  <a href=\"https:\/\/agora.xtec.cat\/iesdelvoltreganes\/general\/visita-al-centre-de-restauracio-de-bens-mobles-de-catalunya\/\" title=\"Read Visita al Centre de Restauraci\u00f3 de B\u00e9ns Mobles de Catalunya\">Llegeix m\u00e9s\u00bb<\/a><\/p>\n","protected":false},"author":6,"featured_media":0,"comment_status":"closed","ping_status":"closed","sticky":false,"template":"","format":"standard","meta":{"_bbp_topic_count":0,"_bbp_reply_count":0,"_bbp_total_topic_count":0,"_bbp_total_reply_count":0,"_bbp_voice_count":0,"_bbp_anonymous_reply_count":0,"_bbp_topic_count_hidden":0,"_bbp_reply_count_hidden":0,"_bbp_forum_subforum_count":0,"footnotes":""},"categories":[8,66,1,29],"tags":[39],"class_list":["post-4167","post","type-post","status-publish","format-standard","hentry","category-batxillerat","category-ciencies-socials","category-general","category-portada","tag-sortides"],"post_mailing_queue_ids":[],"_links":{"self":[{"href":"https:\/\/agora.xtec.cat\/iesdelvoltreganes\/wp-json\/wp\/v2\/posts\/4167","targetHints":{"allow":["GET"]}}],"collection":[{"href":"https:\/\/agora.xtec.cat\/iesdelvoltreganes\/wp-json\/wp\/v2\/posts"}],"about":[{"href":"https:\/\/agora.xtec.cat\/iesdelvoltreganes\/wp-json\/wp\/v2\/types\/post"}],"author":[{"embeddable":true,"href":"https:\/\/agora.xtec.cat\/iesdelvoltreganes\/wp-json\/wp\/v2\/users\/6"}],"replies":[{"embeddable":true,"href":"https:\/\/agora.xtec.cat\/iesdelvoltreganes\/wp-json\/wp\/v2\/comments?post=4167"}],"version-history":[{"count":2,"href":"https:\/\/agora.xtec.cat\/iesdelvoltreganes\/wp-json\/wp\/v2\/posts\/4167\/revisions"}],"predecessor-version":[{"id":4169,"href":"https:\/\/agora.xtec.cat\/iesdelvoltreganes\/wp-json\/wp\/v2\/posts\/4167\/revisions\/4169"}],"wp:attachment":[{"href":"https:\/\/agora.xtec.cat\/iesdelvoltreganes\/wp-json\/wp\/v2\/media?parent=4167"}],"wp:term":[{"taxonomy":"category","embeddable":true,"href":"https:\/\/agora.xtec.cat\/iesdelvoltreganes\/wp-json\/wp\/v2\/categories?post=4167"},{"taxonomy":"post_tag","embeddable":true,"href":"https:\/\/agora.xtec.cat\/iesdelvoltreganes\/wp-json\/wp\/v2\/tags?post=4167"}],"curies":[{"name":"wp","href":"https:\/\/api.w.org\/{rel}","templated":true}]}}