{"id":415,"date":"2015-11-09T17:19:15","date_gmt":"2015-11-09T16:19:15","guid":{"rendered":"http:\/\/agora.xtec.cat\/iesdelvoltreganes\/?p=415"},"modified":"2015-11-09T17:29:36","modified_gmt":"2015-11-09T16:29:36","slug":"full-de-deures","status":"publish","type":"post","link":"https:\/\/agora.xtec.cat\/iesdelvoltreganes\/eso\/full-de-deures\/","title":{"rendered":"Full de deures"},"content":{"rendered":"<p>La finalitat principal del full de control de deures \u00e9s que els pares\/mares o tutors legals de l&#8217;alumne\/a puguin disposar d&#8217;una informaci\u00f3 actualitzada de l&#8217;evoluci\u00f3 del seu fill\/a pel que fa a les tasques de treball diari a l&#8217;aula, i aix\u00ed poder ajudar-lo en la planificaci\u00f3 i execuci\u00f3 de les tasques que se&#8217;ls encomanen per reeixir en els aprenentatges i en l&#8217;adquisici\u00f3 d&#8217;h\u00e0bits i aptituds que els permetin el seu desenvolupament com a persones i,  com a ciutadans i ciutadanes del nostre pa\u00eds. Alhora el full pot servir com element d&#8217;avaluaci\u00f3 i seguiment del volum de treball exigit als alumnes per curs i per aix\u00f2 esdevindr\u00e0 un element de seguiment fiable i potent per al tutor, i que, de ben segur, contribuir\u00e0 a la modificaci\u00f3 d&#8217;estrat\u00e8gies pedag\u00f2giques adre\u00e7ades a la reorientaci\u00f3 de l&#8217;alumne\/a d&#8217;acord amb el seu treball i proc\u00e9s.<\/p>\n<p>Cada alumne\/a disposa d&#8217;un dossier de fulls de control de deures que li \u00e9s lliurat pel tutor. A l&#8217;esmentat full hi ha una graella per cada dia de la setmana on l&#8217;alumne\/a hi anota els deures o les tasques d&#8217;estudi que els professors vagin encomanant.<\/p>\n<p>En aquest apartat hi trobareu les anotacions que hauria de contemplar el full de control de deures del vostre fill\/a. Els fulls de control de deures de la nostra p\u00e0gina contemplen les tasques i treballs encomanats per les properes quatre setmanes i es va actualitzant cada dia.<\/p>\n","protected":false},"excerpt":{"rendered":"<p>La finalitat principal del full de control de deures \u00e9s que els pares\/mares o tutors legals de l&#8217;alumne\/a puguin disposar d&#8217;una informaci\u00f3 actualitzada de l&#8217;evoluci\u00f3 del seu fill\/a pel que fa a les tasques de treball diari a l&#8217;aula, i aix\u00ed poder ajudar-lo en la&hellip;  <a href=\"https:\/\/agora.xtec.cat\/iesdelvoltreganes\/eso\/full-de-deures\/\" title=\"Read Full de deures\">Llegeix m\u00e9s\u00bb<\/a><\/p>\n","protected":false},"author":1,"featured_media":0,"comment_status":"open","ping_status":"open","sticky":false,"template":"","format":"standard","meta":{"_bbp_topic_count":0,"_bbp_reply_count":0,"_bbp_total_topic_count":0,"_bbp_total_reply_count":0,"_bbp_voice_count":0,"_bbp_anonymous_reply_count":0,"_bbp_topic_count_hidden":0,"_bbp_reply_count_hidden":0,"_bbp_forum_subforum_count":0,"footnotes":""},"categories":[3],"tags":[],"class_list":["post-415","post","type-post","status-publish","format-standard","hentry","category-eso"],"post_mailing_queue_ids":[],"_links":{"self":[{"href":"https:\/\/agora.xtec.cat\/iesdelvoltreganes\/wp-json\/wp\/v2\/posts\/415","targetHints":{"allow":["GET"]}}],"collection":[{"href":"https:\/\/agora.xtec.cat\/iesdelvoltreganes\/wp-json\/wp\/v2\/posts"}],"about":[{"href":"https:\/\/agora.xtec.cat\/iesdelvoltreganes\/wp-json\/wp\/v2\/types\/post"}],"author":[{"embeddable":true,"href":"https:\/\/agora.xtec.cat\/iesdelvoltreganes\/wp-json\/wp\/v2\/users\/1"}],"replies":[{"embeddable":true,"href":"https:\/\/agora.xtec.cat\/iesdelvoltreganes\/wp-json\/wp\/v2\/comments?post=415"}],"version-history":[{"count":2,"href":"https:\/\/agora.xtec.cat\/iesdelvoltreganes\/wp-json\/wp\/v2\/posts\/415\/revisions"}],"predecessor-version":[{"id":417,"href":"https:\/\/agora.xtec.cat\/iesdelvoltreganes\/wp-json\/wp\/v2\/posts\/415\/revisions\/417"}],"wp:attachment":[{"href":"https:\/\/agora.xtec.cat\/iesdelvoltreganes\/wp-json\/wp\/v2\/media?parent=415"}],"wp:term":[{"taxonomy":"category","embeddable":true,"href":"https:\/\/agora.xtec.cat\/iesdelvoltreganes\/wp-json\/wp\/v2\/categories?post=415"},{"taxonomy":"post_tag","embeddable":true,"href":"https:\/\/agora.xtec.cat\/iesdelvoltreganes\/wp-json\/wp\/v2\/tags?post=415"}],"curies":[{"name":"wp","href":"https:\/\/api.w.org\/{rel}","templated":true}]}}