{"id":4142,"date":"2019-10-17T14:27:35","date_gmt":"2019-10-17T12:27:35","guid":{"rendered":"http:\/\/agora.xtec.cat\/iesdelvoltreganes\/?p=4142"},"modified":"2019-10-22T10:33:53","modified_gmt":"2019-10-22T08:33:53","slug":"cova-del-toll","status":"publish","type":"post","link":"https:\/\/agora.xtec.cat\/iesdelvoltreganes\/general\/cova-del-toll\/","title":{"rendered":"Cova del Toll"},"content":{"rendered":"<p>El passat divendres 11 d&#8217;octubre l&#8217;alumnat de primer d&#8217;ESO van anar al parc prehist\u00f2ric de Moi\u00e0. All\u00e0 van poder participar en un taller d&#8217;arqueologia i van fer una visita guiada al jaciment arqueol\u00f2gic de la cova del Toll.<br \/>\nRecord de l&#8217;activitat i el bon ambient entre nosaltres en queden aquestes fotografies.<\/p>\n<p><a href=\"https:\/\/agora.xtec.cat\/iesdelvoltreganes\/wp-content\/uploads\/usu618\/2019\/10\/IMG_5067-e1571733127453.jpg\"><img loading=\"lazy\" decoding=\"async\" class=\"alignnone wp-image-4155 size-thumbnail\" src=\"https:\/\/agora.xtec.cat\/iesdelvoltreganes\/wp-content\/uploads\/usu618\/2019\/10\/IMG_5067-e1571733127453-150x150.jpg\" alt=\"\" width=\"150\" height=\"150\" \/><\/a> <a href=\"https:\/\/agora.xtec.cat\/iesdelvoltreganes\/wp-content\/uploads\/usu618\/2019\/10\/IMG_5066.jpg\"><img loading=\"lazy\" decoding=\"async\" class=\"alignnone wp-image-4154 size-thumbnail\" src=\"https:\/\/agora.xtec.cat\/iesdelvoltreganes\/wp-content\/uploads\/usu618\/2019\/10\/IMG_5066-150x150.jpg\" alt=\"\" width=\"150\" height=\"150\" \/><\/a> <a href=\"https:\/\/agora.xtec.cat\/iesdelvoltreganes\/wp-content\/uploads\/usu618\/2019\/10\/IMG_5057.jpg\"><img loading=\"lazy\" decoding=\"async\" class=\"alignnone wp-image-4152 size-thumbnail\" src=\"https:\/\/agora.xtec.cat\/iesdelvoltreganes\/wp-content\/uploads\/usu618\/2019\/10\/IMG_5057-150x150.jpg\" alt=\"\" width=\"150\" height=\"150\" \/><\/a> <a href=\"https:\/\/agora.xtec.cat\/iesdelvoltreganes\/wp-content\/uploads\/usu618\/2019\/10\/IMG_5054.jpg\"><img loading=\"lazy\" decoding=\"async\" class=\"alignnone wp-image-4151 size-thumbnail\" src=\"https:\/\/agora.xtec.cat\/iesdelvoltreganes\/wp-content\/uploads\/usu618\/2019\/10\/IMG_5054-150x150.jpg\" alt=\"\" width=\"150\" height=\"150\" \/><\/a><\/p>\n<p>&nbsp;<\/p>\n","protected":false},"excerpt":{"rendered":"<p>El passat divendres 11 d&#8217;octubre l&#8217;alumnat de primer d&#8217;ESO van anar al parc prehist\u00f2ric de Moi\u00e0. All\u00e0 van poder participar en un taller d&#8217;arqueologia i van fer una visita guiada al jaciment arqueol\u00f2gic de la cova del Toll.<br \/>\nRecord de l&#8217;activitat i el bon ambient entre&hellip;  <a href=\"https:\/\/agora.xtec.cat\/iesdelvoltreganes\/general\/cova-del-toll\/\" title=\"Read Cova del Toll\">Llegeix m\u00e9s\u00bb<\/a><\/p>\n","protected":false},"author":6,"featured_media":0,"comment_status":"closed","ping_status":"closed","sticky":false,"template":"","format":"standard","meta":{"_bbp_topic_count":0,"_bbp_reply_count":0,"_bbp_total_topic_count":0,"_bbp_total_reply_count":0,"_bbp_voice_count":0,"_bbp_anonymous_reply_count":0,"_bbp_topic_count_hidden":0,"_bbp_reply_count_hidden":0,"_bbp_forum_subforum_count":0,"footnotes":""},"categories":[66,4,1,29],"tags":[],"class_list":["post-4142","post","type-post","status-publish","format-standard","hentry","category-ciencies-socials","category-eso-1","category-general","category-portada"],"post_mailing_queue_ids":[],"_links":{"self":[{"href":"https:\/\/agora.xtec.cat\/iesdelvoltreganes\/wp-json\/wp\/v2\/posts\/4142","targetHints":{"allow":["GET"]}}],"collection":[{"href":"https:\/\/agora.xtec.cat\/iesdelvoltreganes\/wp-json\/wp\/v2\/posts"}],"about":[{"href":"https:\/\/agora.xtec.cat\/iesdelvoltreganes\/wp-json\/wp\/v2\/types\/post"}],"author":[{"embeddable":true,"href":"https:\/\/agora.xtec.cat\/iesdelvoltreganes\/wp-json\/wp\/v2\/users\/6"}],"replies":[{"embeddable":true,"href":"https:\/\/agora.xtec.cat\/iesdelvoltreganes\/wp-json\/wp\/v2\/comments?post=4142"}],"version-history":[{"count":3,"href":"https:\/\/agora.xtec.cat\/iesdelvoltreganes\/wp-json\/wp\/v2\/posts\/4142\/revisions"}],"predecessor-version":[{"id":4157,"href":"https:\/\/agora.xtec.cat\/iesdelvoltreganes\/wp-json\/wp\/v2\/posts\/4142\/revisions\/4157"}],"wp:attachment":[{"href":"https:\/\/agora.xtec.cat\/iesdelvoltreganes\/wp-json\/wp\/v2\/media?parent=4142"}],"wp:term":[{"taxonomy":"category","embeddable":true,"href":"https:\/\/agora.xtec.cat\/iesdelvoltreganes\/wp-json\/wp\/v2\/categories?post=4142"},{"taxonomy":"post_tag","embeddable":true,"href":"https:\/\/agora.xtec.cat\/iesdelvoltreganes\/wp-json\/wp\/v2\/tags?post=4142"}],"curies":[{"name":"wp","href":"https:\/\/api.w.org\/{rel}","templated":true}]}}