{"id":4087,"date":"2019-09-26T18:15:33","date_gmt":"2019-09-26T16:15:33","guid":{"rendered":"http:\/\/agora.xtec.cat\/iesdelvoltreganes\/?p=4087"},"modified":"2019-10-01T12:54:45","modified_gmt":"2019-10-01T10:54:45","slug":"26-de-setembre-dia-europeu-de-les-llengues","status":"publish","type":"post","link":"https:\/\/agora.xtec.cat\/iesdelvoltreganes\/general\/26-de-setembre-dia-europeu-de-les-llengues\/","title":{"rendered":"26 de setembre, dia europeu de les lleng\u00fces"},"content":{"rendered":"<p>S&#8217;estima que a Catalunya es parlen 250 lleng\u00fces i que en els darrers 10 anys han arribat al nostre pa\u00eds 1,5 milions de nouvinguts. Amb el convenciment que la diversitat ling\u00fc\u00edstica \u00e9s una eina per a aconseguir una major comprensi\u00f3 intercultural i un element clau en la rica her\u00e8ncia cultural del nostre continent, avui se&#8217;ns convida -a m\u00e9s de 800 milions d\u2019europeus i europees- a aprendre m\u00e9s lleng\u00fces a qualsevol edat, dins i fora de l\u2019escola. <\/p>\n<p>Des de la coordinaci\u00f3 de lleg\u00fces estrangeres vull agrair cordialment la participaci\u00f3 de l&#8217;alumnat dels instituts Voltregan\u00e8s i Montbui per les seves aportacions al v\u00eddeo commemoratiu del Dia Europeu de les Lleng\u00fces. <\/p>\n<p><iframe loading=\"lazy\" src=\"\/\/www.youtube.com\/embed\/L2MD2466Qaw\" width=\"560\" height=\"315\" frameborder=\"0\" allowfullscreen=\"allowfullscreen\"><\/iframe><\/p>\n","protected":false},"excerpt":{"rendered":"<p>S&#8217;estima que a Catalunya es parlen 250 lleng\u00fces i que en els darrers 10 anys han arribat al nostre pa\u00eds 1,5 milions de nouvinguts. Amb el convenciment que la diversitat ling\u00fc\u00edstica \u00e9s una eina per a aconseguir una major comprensi\u00f3 intercultural i un element clau&hellip;  <a href=\"https:\/\/agora.xtec.cat\/iesdelvoltreganes\/general\/26-de-setembre-dia-europeu-de-les-llengues\/\" title=\"Read 26 de setembre, dia europeu de les lleng\u00fces\">Llegeix m\u00e9s\u00bb<\/a><\/p>\n","protected":false},"author":6,"featured_media":4088,"comment_status":"closed","ping_status":"closed","sticky":false,"template":"","format":"standard","meta":{"_bbp_topic_count":0,"_bbp_reply_count":0,"_bbp_total_topic_count":0,"_bbp_total_reply_count":0,"_bbp_voice_count":0,"_bbp_anonymous_reply_count":0,"_bbp_topic_count_hidden":0,"_bbp_reply_count_hidden":0,"_bbp_forum_subforum_count":0,"footnotes":""},"categories":[1,71,29],"tags":[],"class_list":["post-4087","post","type-post","status-publish","format-standard","has-post-thumbnail","hentry","category-general","category-llengues-estrangeres","category-portada"],"post_mailing_queue_ids":[],"_links":{"self":[{"href":"https:\/\/agora.xtec.cat\/iesdelvoltreganes\/wp-json\/wp\/v2\/posts\/4087","targetHints":{"allow":["GET"]}}],"collection":[{"href":"https:\/\/agora.xtec.cat\/iesdelvoltreganes\/wp-json\/wp\/v2\/posts"}],"about":[{"href":"https:\/\/agora.xtec.cat\/iesdelvoltreganes\/wp-json\/wp\/v2\/types\/post"}],"author":[{"embeddable":true,"href":"https:\/\/agora.xtec.cat\/iesdelvoltreganes\/wp-json\/wp\/v2\/users\/6"}],"replies":[{"embeddable":true,"href":"https:\/\/agora.xtec.cat\/iesdelvoltreganes\/wp-json\/wp\/v2\/comments?post=4087"}],"version-history":[{"count":2,"href":"https:\/\/agora.xtec.cat\/iesdelvoltreganes\/wp-json\/wp\/v2\/posts\/4087\/revisions"}],"predecessor-version":[{"id":4090,"href":"https:\/\/agora.xtec.cat\/iesdelvoltreganes\/wp-json\/wp\/v2\/posts\/4087\/revisions\/4090"}],"wp:featuredmedia":[{"embeddable":true,"href":"https:\/\/agora.xtec.cat\/iesdelvoltreganes\/wp-json\/wp\/v2\/media\/4088"}],"wp:attachment":[{"href":"https:\/\/agora.xtec.cat\/iesdelvoltreganes\/wp-json\/wp\/v2\/media?parent=4087"}],"wp:term":[{"taxonomy":"category","embeddable":true,"href":"https:\/\/agora.xtec.cat\/iesdelvoltreganes\/wp-json\/wp\/v2\/categories?post=4087"},{"taxonomy":"post_tag","embeddable":true,"href":"https:\/\/agora.xtec.cat\/iesdelvoltreganes\/wp-json\/wp\/v2\/tags?post=4087"}],"curies":[{"name":"wp","href":"https:\/\/api.w.org\/{rel}","templated":true}]}}