{"id":4060,"date":"2019-09-23T11:22:11","date_gmt":"2019-09-23T09:22:11","guid":{"rendered":"http:\/\/agora.xtec.cat\/iesdelvoltreganes\/?p=4060"},"modified":"2019-09-23T12:22:29","modified_gmt":"2019-09-23T10:22:29","slug":"lhort","status":"publish","type":"post","link":"https:\/\/agora.xtec.cat\/iesdelvoltreganes\/general\/lhort\/","title":{"rendered":"L&#8217;hort"},"content":{"rendered":"<p>Som els alumnes de 1r d\u2019ESO que a l&#8217;assignatura de tecnologia farem hort.<\/p>\n<p>A l\u2019institut tenim un hort on practicarem l\u2019agricultura <span style=\"font-family: inherit; font-size: 1em;\">ecol\u00f2gica. L\u2019objectiu fonamental de l\u2019agricultura ecol\u00f2gica \u00e9s obtenir aliments de m\u00e0xima qualitat sense malmetre el medi ambient i conservant la fertilitat del s\u00f2l, mitjan\u00e7ant la utilitzaci\u00f3 adequada dels recursos i sense l\u2019\u00fas de productes qu\u00edmics de s\u00edntesi.<\/span><\/p>\n<p>Seguirem el m\u00e8tode Gaspar Caballero.<\/p>\n<h3 class=\"post-title entry-title\">Els sis punts b\u00e0sics del m\u00e8tode Gaspar Caballero<\/h3>\n<p>1. Les parades de crestall<br \/>\nPARADA : Rectangle de terra d&#8217;1,5 metres d&#8217;ample. La llarg\u00e0ria pot variar.<br \/>\nCRESTALL : Cobertura de compost, que es posa damunt la parada com a encoixinament, sense barrejar amb la terra.<br \/>\n2. No s&#8217;ha de trepitjar la terra de les parades de crestall<br \/>\nPer aix\u00f2, envoltant cada parada hi deixarem uns camins de 50 cm.<br \/>\n3. L&#8217;adob<br \/>\nD&#8217;adob s&#8217;hi posa compost.<br \/>\n4. La sembra<br \/>\nLa sembra s&#8217;efectua m\u00e9s densament que l&#8217;horticultura tradicional. Les plantes han de tenir l&#8217;espai just per viure; les fulles es toquen les unes amb les altres i aix\u00ed creen un microclima que conserva la humitat i no deixa cr\u00e9ixer les males herbes.<br \/>\n5. El reg<br \/>\nEl reg exsudant junt amb el compost i la sembra densa faran que gastem menys aigua.<br \/>\n6. Cicle de rotaci\u00f3 de quatre anys<br \/>\nEs fan quatre parades per poder fer rotaci\u00f3 de cultius. Plantant diferents fam\u00edlies de plantes amb formes de vida, sistemes radiculars i necessitats nutritives diferents evitarem plagues i malalties i beneficiarem la terra i els cultius successius.<\/p>\n","protected":false},"excerpt":{"rendered":"<p>Som els alumnes de 1r d\u2019ESO que a l&#8217;assignatura de tecnologia farem hort.<br \/>\nA l\u2019institut tenim un hort on practicarem l\u2019agricultura ecol\u00f2gica. L\u2019objectiu fonamental de l\u2019agricultura ecol\u00f2gica \u00e9s obtenir aliments de m\u00e0xima qualitat sense malmetre el medi ambient i conservant la fertilitat del s\u00f2l, mitjan\u00e7ant la&hellip;  <a href=\"https:\/\/agora.xtec.cat\/iesdelvoltreganes\/general\/lhort\/\" title=\"Read L&#8217;hort\">Llegeix m\u00e9s\u00bb<\/a><\/p>\n","protected":false},"author":6,"featured_media":0,"comment_status":"closed","ping_status":"closed","sticky":false,"template":"","format":"standard","meta":{"_bbp_topic_count":0,"_bbp_reply_count":0,"_bbp_total_topic_count":0,"_bbp_total_reply_count":0,"_bbp_voice_count":0,"_bbp_anonymous_reply_count":0,"_bbp_topic_count_hidden":0,"_bbp_reply_count_hidden":0,"_bbp_forum_subforum_count":0,"footnotes":""},"categories":[4,1,147],"tags":[],"class_list":["post-4060","post","type-post","status-publish","format-standard","hentry","category-eso-1","category-general","category-hort"],"post_mailing_queue_ids":[],"_links":{"self":[{"href":"https:\/\/agora.xtec.cat\/iesdelvoltreganes\/wp-json\/wp\/v2\/posts\/4060","targetHints":{"allow":["GET"]}}],"collection":[{"href":"https:\/\/agora.xtec.cat\/iesdelvoltreganes\/wp-json\/wp\/v2\/posts"}],"about":[{"href":"https:\/\/agora.xtec.cat\/iesdelvoltreganes\/wp-json\/wp\/v2\/types\/post"}],"author":[{"embeddable":true,"href":"https:\/\/agora.xtec.cat\/iesdelvoltreganes\/wp-json\/wp\/v2\/users\/6"}],"replies":[{"embeddable":true,"href":"https:\/\/agora.xtec.cat\/iesdelvoltreganes\/wp-json\/wp\/v2\/comments?post=4060"}],"version-history":[{"count":1,"href":"https:\/\/agora.xtec.cat\/iesdelvoltreganes\/wp-json\/wp\/v2\/posts\/4060\/revisions"}],"predecessor-version":[{"id":4061,"href":"https:\/\/agora.xtec.cat\/iesdelvoltreganes\/wp-json\/wp\/v2\/posts\/4060\/revisions\/4061"}],"wp:attachment":[{"href":"https:\/\/agora.xtec.cat\/iesdelvoltreganes\/wp-json\/wp\/v2\/media?parent=4060"}],"wp:term":[{"taxonomy":"category","embeddable":true,"href":"https:\/\/agora.xtec.cat\/iesdelvoltreganes\/wp-json\/wp\/v2\/categories?post=4060"},{"taxonomy":"post_tag","embeddable":true,"href":"https:\/\/agora.xtec.cat\/iesdelvoltreganes\/wp-json\/wp\/v2\/tags?post=4060"}],"curies":[{"name":"wp","href":"https:\/\/api.w.org\/{rel}","templated":true}]}}