{"id":4044,"date":"2019-09-27T11:41:07","date_gmt":"2019-09-27T09:41:07","guid":{"rendered":"http:\/\/agora.xtec.cat\/iesdelvoltreganes\/?p=4044"},"modified":"2019-10-23T12:34:41","modified_gmt":"2019-10-23T10:34:41","slug":"donem-un-cop-de-ma-a-la-terra","status":"publish","type":"post","link":"https:\/\/agora.xtec.cat\/iesdelvoltreganes\/general\/donem-un-cop-de-ma-a-la-terra\/","title":{"rendered":"Donem un cop de m\u00e0 a la terra"},"content":{"rendered":"<p><a href=\"https:\/\/photos.app.goo.gl\/kbrBnanJkhBag3yC7\" target=\"_blank\" rel=\"noopener noreferrer\"><img loading=\"lazy\" decoding=\"async\" class=\"alignnone wp-image-4078 size-full\" src=\"https:\/\/agora.xtec.cat\/iesdelvoltreganes\/wp-content\/uploads\/usu618\/2019\/09\/DSC_0856-e1569577244955.jpg\" alt=\"\" width=\"2256\" height=\"456\" srcset=\"https:\/\/agora.xtec.cat\/iesdelvoltreganes\/wp-content\/uploads\/usu618\/2019\/09\/DSC_0856-e1569577244955.jpg 2256w, https:\/\/agora.xtec.cat\/iesdelvoltreganes\/wp-content\/uploads\/usu618\/2019\/09\/DSC_0856-e1569577244955-300x61.jpg 300w, https:\/\/agora.xtec.cat\/iesdelvoltreganes\/wp-content\/uploads\/usu618\/2019\/09\/DSC_0856-e1569577244955-768x155.jpg 768w, https:\/\/agora.xtec.cat\/iesdelvoltreganes\/wp-content\/uploads\/usu618\/2019\/09\/DSC_0856-e1569577244955-1024x207.jpg 1024w\" sizes=\"auto, (max-width: 2256px) 100vw, 2256px\" \/><\/a><\/p>\n<p>DIA MUNDIAL PEL CLIMA 27 de Setembre de 2019<br \/>\nAlumnes, professors i personal PAS de l\u2019institut del Voltegan\u00e8s hem realitzat una acci\u00f3 reivindicativa per sumar-nos a les campanyes contra el canvi clim\u00e0tic i la contaminaci\u00f3, organitzades per \u201cFridays for Future\u201d i \u201cOsona Respira\u201d.<br \/>\nPr\u00e8viament\u00a0hem elaborat les nostres mascaretes per simbolitzar el dret de tots i totes a respirar aire net.<\/p>\n","protected":false},"excerpt":{"rendered":"<p><a href=\"https:\/\/photos.app.goo.gl\/kbrBnanJkhBag3yC7\" target=\"_blank\" rel=\"noopener noreferrer\"><\/a><br \/>\nDIA MUNDIAL PEL CLIMA 27 de Setembre de 2019<br \/>\nAlumnes, professors i personal PAS de l\u2019institut del Voltegan\u00e8s hem realitzat una acci\u00f3 reivindicativa per sumar-nos a les campanyes contra el canvi clim\u00e0tic i la contaminaci\u00f3, organitzades per \u201cFridays for Future\u201d i \u201cOsona&hellip;  <a href=\"https:\/\/agora.xtec.cat\/iesdelvoltreganes\/general\/donem-un-cop-de-ma-a-la-terra\/\" title=\"Read Donem un cop de m\u00e0 a la terra\">Llegeix m\u00e9s\u00bb<\/a><\/p>\n","protected":false},"author":6,"featured_media":0,"comment_status":"closed","ping_status":"closed","sticky":false,"template":"","format":"standard","meta":{"_bbp_topic_count":0,"_bbp_reply_count":0,"_bbp_total_topic_count":0,"_bbp_total_reply_count":0,"_bbp_voice_count":0,"_bbp_anonymous_reply_count":0,"_bbp_topic_count_hidden":0,"_bbp_reply_count_hidden":0,"_bbp_forum_subforum_count":0,"footnotes":""},"categories":[1,29],"tags":[],"class_list":["post-4044","post","type-post","status-publish","format-standard","hentry","category-general","category-portada"],"post_mailing_queue_ids":[],"_links":{"self":[{"href":"https:\/\/agora.xtec.cat\/iesdelvoltreganes\/wp-json\/wp\/v2\/posts\/4044","targetHints":{"allow":["GET"]}}],"collection":[{"href":"https:\/\/agora.xtec.cat\/iesdelvoltreganes\/wp-json\/wp\/v2\/posts"}],"about":[{"href":"https:\/\/agora.xtec.cat\/iesdelvoltreganes\/wp-json\/wp\/v2\/types\/post"}],"author":[{"embeddable":true,"href":"https:\/\/agora.xtec.cat\/iesdelvoltreganes\/wp-json\/wp\/v2\/users\/6"}],"replies":[{"embeddable":true,"href":"https:\/\/agora.xtec.cat\/iesdelvoltreganes\/wp-json\/wp\/v2\/comments?post=4044"}],"version-history":[{"count":3,"href":"https:\/\/agora.xtec.cat\/iesdelvoltreganes\/wp-json\/wp\/v2\/posts\/4044\/revisions"}],"predecessor-version":[{"id":4160,"href":"https:\/\/agora.xtec.cat\/iesdelvoltreganes\/wp-json\/wp\/v2\/posts\/4044\/revisions\/4160"}],"wp:attachment":[{"href":"https:\/\/agora.xtec.cat\/iesdelvoltreganes\/wp-json\/wp\/v2\/media?parent=4044"}],"wp:term":[{"taxonomy":"category","embeddable":true,"href":"https:\/\/agora.xtec.cat\/iesdelvoltreganes\/wp-json\/wp\/v2\/categories?post=4044"},{"taxonomy":"post_tag","embeddable":true,"href":"https:\/\/agora.xtec.cat\/iesdelvoltreganes\/wp-json\/wp\/v2\/tags?post=4044"}],"curies":[{"name":"wp","href":"https:\/\/api.w.org\/{rel}","templated":true}]}}