{"id":4042,"date":"2019-09-16T12:28:40","date_gmt":"2019-09-16T10:28:40","guid":{"rendered":"http:\/\/agora.xtec.cat\/iesdelvoltreganes\/?p=4042"},"modified":"2019-10-04T09:10:34","modified_gmt":"2019-10-04T07:10:34","slug":"reunio-de-pares-3","status":"publish","type":"post","link":"https:\/\/agora.xtec.cat\/iesdelvoltreganes\/general\/reunio-de-pares-3\/","title":{"rendered":"Reuni\u00f3 de pares"},"content":{"rendered":"<p>La reuni\u00f3 de pares ser\u00e0 el 3 d&#8217;octubre a les 19:00 h<\/p>\n<p>A les 20:00 h:<br \/>\nReuni\u00f3 sobre camp d\u2019aprenentatge de 1r d\u2019ESO a l\u2019aula de 1r B<br \/>\nReuni\u00f3 sobre l\u2019esquiada de 2n d\u2019ESO a l\u2019aula de 2n A<br \/>\nReuni\u00f3 sobre l\u2019estada ling\u00fc\u00edstica a Anglaterra a la biblioteca<br \/>\nReuni\u00f3 sobre l\u2019intercanvi a Alemanya a l\u2019aula de 3r A<\/p>\n","protected":false},"excerpt":{"rendered":"<p>La reuni\u00f3 de pares ser\u00e0 el 3 d&#8217;octubre a les 19:00 h<br \/>\nA les 20:00 h:<br \/>\nReuni\u00f3 sobre camp d\u2019aprenentatge de 1r d\u2019ESO a l\u2019aula de 1r B<br \/>\nReuni\u00f3 sobre l\u2019esquiada de 2n d\u2019ESO a l\u2019aula de 2n A<br \/>\nReuni\u00f3 sobre l\u2019estada ling\u00fc\u00edstica a Anglaterra a la biblioteca<br \/>\nReuni\u00f3 sobre&hellip;  <a href=\"https:\/\/agora.xtec.cat\/iesdelvoltreganes\/general\/reunio-de-pares-3\/\" title=\"Read Reuni\u00f3 de pares\">Llegeix m\u00e9s\u00bb<\/a><\/p>\n","protected":false},"author":6,"featured_media":0,"comment_status":"closed","ping_status":"closed","sticky":false,"template":"","format":"standard","meta":{"_bbp_topic_count":0,"_bbp_reply_count":0,"_bbp_total_topic_count":0,"_bbp_total_reply_count":0,"_bbp_voice_count":0,"_bbp_anonymous_reply_count":0,"_bbp_topic_count_hidden":0,"_bbp_reply_count_hidden":0,"_bbp_forum_subforum_count":0,"footnotes":""},"categories":[1,29],"tags":[],"class_list":["post-4042","post","type-post","status-publish","format-standard","hentry","category-general","category-portada"],"post_mailing_queue_ids":[],"_links":{"self":[{"href":"https:\/\/agora.xtec.cat\/iesdelvoltreganes\/wp-json\/wp\/v2\/posts\/4042","targetHints":{"allow":["GET"]}}],"collection":[{"href":"https:\/\/agora.xtec.cat\/iesdelvoltreganes\/wp-json\/wp\/v2\/posts"}],"about":[{"href":"https:\/\/agora.xtec.cat\/iesdelvoltreganes\/wp-json\/wp\/v2\/types\/post"}],"author":[{"embeddable":true,"href":"https:\/\/agora.xtec.cat\/iesdelvoltreganes\/wp-json\/wp\/v2\/users\/6"}],"replies":[{"embeddable":true,"href":"https:\/\/agora.xtec.cat\/iesdelvoltreganes\/wp-json\/wp\/v2\/comments?post=4042"}],"version-history":[{"count":3,"href":"https:\/\/agora.xtec.cat\/iesdelvoltreganes\/wp-json\/wp\/v2\/posts\/4042\/revisions"}],"predecessor-version":[{"id":4082,"href":"https:\/\/agora.xtec.cat\/iesdelvoltreganes\/wp-json\/wp\/v2\/posts\/4042\/revisions\/4082"}],"wp:attachment":[{"href":"https:\/\/agora.xtec.cat\/iesdelvoltreganes\/wp-json\/wp\/v2\/media?parent=4042"}],"wp:term":[{"taxonomy":"category","embeddable":true,"href":"https:\/\/agora.xtec.cat\/iesdelvoltreganes\/wp-json\/wp\/v2\/categories?post=4042"},{"taxonomy":"post_tag","embeddable":true,"href":"https:\/\/agora.xtec.cat\/iesdelvoltreganes\/wp-json\/wp\/v2\/tags?post=4042"}],"curies":[{"name":"wp","href":"https:\/\/api.w.org\/{rel}","templated":true}]}}