{"id":4035,"date":"2019-09-02T10:42:58","date_gmt":"2019-09-02T08:42:58","guid":{"rendered":"http:\/\/agora.xtec.cat\/iesdelvoltreganes\/?p=4035"},"modified":"2019-09-16T12:27:07","modified_gmt":"2019-09-16T10:27:07","slug":"beques-2019-2020","status":"publish","type":"post","link":"https:\/\/agora.xtec.cat\/iesdelvoltreganes\/general\/beques-2019-2020\/","title":{"rendered":"Beques 2019-2020"},"content":{"rendered":"<p><a href=\"https:\/\/drive.google.com\/file\/d\/1toVRN-GSf2eyPkg1BSb7imn_AceOrFTG\/view?usp=sharing\">Informaci\u00f3 beques batxillerat i NEE<\/a><br \/>\n<a href=\"https:\/\/drive.google.com\/file\/d\/1SZm5n0OKgRLGvKVn0DsAQnudPH6JbsOd\/view?usp=sharing\">Beques batxillerat<\/a><br \/>\n<a href=\"https:\/\/drive.google.com\/file\/d\/1Ew0GrJA5YzwQwvdEfELS8WMK6NNJVsM9\/view?usp=sharing\">Ajuts convocats pel Ministeri d&#8217;Educaci\u00f3 i Formaci\u00f3 Professional per a alumnes amb necessitat espec\u00edfica de suport educatiu<\/a><\/p>\n","protected":false},"excerpt":{"rendered":"<p><a href=\"https:\/\/drive.google.com\/file\/d\/1toVRN-GSf2eyPkg1BSb7imn_AceOrFTG\/view?usp=sharing\">Informaci\u00f3 beques batxillerat i NEE<\/a><br \/>\n<a href=\"https:\/\/drive.google.com\/file\/d\/1SZm5n0OKgRLGvKVn0DsAQnudPH6JbsOd\/view?usp=sharing\">Beques batxillerat<\/a><br \/>\n<a href=\"https:\/\/drive.google.com\/file\/d\/1Ew0GrJA5YzwQwvdEfELS8WMK6NNJVsM9\/view?usp=sharing\">Ajuts convocats pel Ministeri d&#8217;Educaci\u00f3 i Formaci\u00f3 Professional per a alumnes amb necessitat espec\u00edfica de suport educatiu<\/a><\/p>\n","protected":false},"author":6,"featured_media":0,"comment_status":"closed","ping_status":"closed","sticky":false,"template":"","format":"standard","meta":{"_bbp_topic_count":0,"_bbp_reply_count":0,"_bbp_total_topic_count":0,"_bbp_total_reply_count":0,"_bbp_voice_count":0,"_bbp_anonymous_reply_count":0,"_bbp_topic_count_hidden":0,"_bbp_reply_count_hidden":0,"_bbp_forum_subforum_count":0,"footnotes":""},"categories":[1,29],"tags":[],"class_list":["post-4035","post","type-post","status-publish","format-standard","hentry","category-general","category-portada"],"post_mailing_queue_ids":[],"_links":{"self":[{"href":"https:\/\/agora.xtec.cat\/iesdelvoltreganes\/wp-json\/wp\/v2\/posts\/4035","targetHints":{"allow":["GET"]}}],"collection":[{"href":"https:\/\/agora.xtec.cat\/iesdelvoltreganes\/wp-json\/wp\/v2\/posts"}],"about":[{"href":"https:\/\/agora.xtec.cat\/iesdelvoltreganes\/wp-json\/wp\/v2\/types\/post"}],"author":[{"embeddable":true,"href":"https:\/\/agora.xtec.cat\/iesdelvoltreganes\/wp-json\/wp\/v2\/users\/6"}],"replies":[{"embeddable":true,"href":"https:\/\/agora.xtec.cat\/iesdelvoltreganes\/wp-json\/wp\/v2\/comments?post=4035"}],"version-history":[{"count":1,"href":"https:\/\/agora.xtec.cat\/iesdelvoltreganes\/wp-json\/wp\/v2\/posts\/4035\/revisions"}],"predecessor-version":[{"id":4036,"href":"https:\/\/agora.xtec.cat\/iesdelvoltreganes\/wp-json\/wp\/v2\/posts\/4035\/revisions\/4036"}],"wp:attachment":[{"href":"https:\/\/agora.xtec.cat\/iesdelvoltreganes\/wp-json\/wp\/v2\/media?parent=4035"}],"wp:term":[{"taxonomy":"category","embeddable":true,"href":"https:\/\/agora.xtec.cat\/iesdelvoltreganes\/wp-json\/wp\/v2\/categories?post=4035"},{"taxonomy":"post_tag","embeddable":true,"href":"https:\/\/agora.xtec.cat\/iesdelvoltreganes\/wp-json\/wp\/v2\/tags?post=4035"}],"curies":[{"name":"wp","href":"https:\/\/api.w.org\/{rel}","templated":true}]}}