{"id":3948,"date":"2019-06-15T09:48:30","date_gmt":"2019-06-15T07:48:30","guid":{"rendered":"http:\/\/agora.xtec.cat\/iesdelvoltreganes\/?p=3948"},"modified":"2019-06-17T09:48:47","modified_gmt":"2019-06-17T07:48:47","slug":"fem-musica-de-2n-deso","status":"publish","type":"post","link":"https:\/\/agora.xtec.cat\/iesdelvoltreganes\/general\/fem-musica-de-2n-deso\/","title":{"rendered":"Fem m\u00fasica! de 2n d&#8217;ESO"},"content":{"rendered":"<p>Aquesta can\u00e7\u00f3 l&#8217;han escrit i interpretat en directe un grup d&#8217;alumnes de l&#8217;optativa Fem m\u00fasica! de 2n d&#8217;ESO de l&#8217;INS del Voltregan\u00e8s. El grup est\u00e0 format per Toni Toledano (veu), Adri\u00e0 Garcia (Cors), Laia Vidal i \u00c8ric Olivencia (ukeleles), Xevi Gonz\u00e1lez (baix) i Laia Codina (bateria). Esperem que us agradi!<\/p>\n<p><iframe loading=\"lazy\" src=\"\/\/www.youtube.com\/embed\/fOD1HuZyZ4Q\" width=\"560\" height=\"315\" frameborder=\"0\" allowfullscreen=\"allowfullscreen\"><\/iframe><\/p>\n","protected":false},"excerpt":{"rendered":"<p>Aquesta can\u00e7\u00f3 l&#8217;han escrit i interpretat en directe un grup d&#8217;alumnes de l&#8217;optativa Fem m\u00fasica! de 2n d&#8217;ESO de l&#8217;INS del Voltregan\u00e8s. El grup est\u00e0 format per Toni Toledano (veu), Adri\u00e0 Garcia (Cors), Laia Vidal i \u00c8ric Olivencia (ukeleles), Xevi Gonz\u00e1lez (baix) i Laia Codina&hellip;  <a href=\"https:\/\/agora.xtec.cat\/iesdelvoltreganes\/general\/fem-musica-de-2n-deso\/\" title=\"Read Fem m\u00fasica! de 2n d&#8217;ESO\">Llegeix m\u00e9s\u00bb<\/a><\/p>\n","protected":false},"author":6,"featured_media":3949,"comment_status":"closed","ping_status":"closed","sticky":false,"template":"","format":"standard","meta":{"_bbp_topic_count":0,"_bbp_reply_count":0,"_bbp_total_topic_count":0,"_bbp_total_reply_count":0,"_bbp_voice_count":0,"_bbp_anonymous_reply_count":0,"_bbp_topic_count_hidden":0,"_bbp_reply_count_hidden":0,"_bbp_forum_subforum_count":0,"footnotes":""},"categories":[5,1,74,29],"tags":[93],"class_list":["post-3948","post","type-post","status-publish","format-standard","has-post-thumbnail","hentry","category-eso-2","category-general","category-musica","category-portada","tag-musica"],"post_mailing_queue_ids":[],"_links":{"self":[{"href":"https:\/\/agora.xtec.cat\/iesdelvoltreganes\/wp-json\/wp\/v2\/posts\/3948","targetHints":{"allow":["GET"]}}],"collection":[{"href":"https:\/\/agora.xtec.cat\/iesdelvoltreganes\/wp-json\/wp\/v2\/posts"}],"about":[{"href":"https:\/\/agora.xtec.cat\/iesdelvoltreganes\/wp-json\/wp\/v2\/types\/post"}],"author":[{"embeddable":true,"href":"https:\/\/agora.xtec.cat\/iesdelvoltreganes\/wp-json\/wp\/v2\/users\/6"}],"replies":[{"embeddable":true,"href":"https:\/\/agora.xtec.cat\/iesdelvoltreganes\/wp-json\/wp\/v2\/comments?post=3948"}],"version-history":[{"count":1,"href":"https:\/\/agora.xtec.cat\/iesdelvoltreganes\/wp-json\/wp\/v2\/posts\/3948\/revisions"}],"predecessor-version":[{"id":3950,"href":"https:\/\/agora.xtec.cat\/iesdelvoltreganes\/wp-json\/wp\/v2\/posts\/3948\/revisions\/3950"}],"wp:featuredmedia":[{"embeddable":true,"href":"https:\/\/agora.xtec.cat\/iesdelvoltreganes\/wp-json\/wp\/v2\/media\/3949"}],"wp:attachment":[{"href":"https:\/\/agora.xtec.cat\/iesdelvoltreganes\/wp-json\/wp\/v2\/media?parent=3948"}],"wp:term":[{"taxonomy":"category","embeddable":true,"href":"https:\/\/agora.xtec.cat\/iesdelvoltreganes\/wp-json\/wp\/v2\/categories?post=3948"},{"taxonomy":"post_tag","embeddable":true,"href":"https:\/\/agora.xtec.cat\/iesdelvoltreganes\/wp-json\/wp\/v2\/tags?post=3948"}],"curies":[{"name":"wp","href":"https:\/\/api.w.org\/{rel}","templated":true}]}}