{"id":3922,"date":"2019-06-11T10:26:14","date_gmt":"2019-06-11T08:26:14","guid":{"rendered":"http:\/\/agora.xtec.cat\/iesdelvoltreganes\/?p=3922"},"modified":"2019-06-11T12:35:45","modified_gmt":"2019-06-11T10:35:45","slug":"taller-al-museu-dhistoria-de-catalunya","status":"publish","type":"post","link":"https:\/\/agora.xtec.cat\/iesdelvoltreganes\/general\/taller-al-museu-dhistoria-de-catalunya\/","title":{"rendered":"Taller al Museu d&#8217;Hist\u00f2ria de Catalunya"},"content":{"rendered":"<p>Els alumnes de 4t d&#8217;ESO han treballat el Taller\u00a0<i>Hist\u00f2ries del s. XX<\/i>\u00a0 al Museu d&#8217;Hist\u00f2ria de Catalunya. Amb petits grups, s&#8217;han familiaritzat amb l&#8217;\u00e8poca a partir d&#8217;una identitat d&#8217;una fam\u00edlia concreta: terratinents, milicians, propietaris industrials, obrers &#8230; fent \u00fas de reproduccions de fonts prim\u00e0ries.<\/p>\n<p><a href=\"https:\/\/agora.xtec.cat\/iesdelvoltreganes\/wp-content\/uploads\/usu618\/2019\/06\/IMG_20190607_111030.jpg\"><img loading=\"lazy\" decoding=\"async\" class=\"size-medium wp-image-3928 aligncenter\" src=\"https:\/\/agora.xtec.cat\/iesdelvoltreganes\/wp-content\/uploads\/usu618\/2019\/06\/IMG_20190607_111030-300x225.jpg\" alt=\"\" width=\"300\" height=\"225\" srcset=\"https:\/\/agora.xtec.cat\/iesdelvoltreganes\/wp-content\/uploads\/usu618\/2019\/06\/IMG_20190607_111030-300x225.jpg 300w, https:\/\/agora.xtec.cat\/iesdelvoltreganes\/wp-content\/uploads\/usu618\/2019\/06\/IMG_20190607_111030-768x576.jpg 768w, https:\/\/agora.xtec.cat\/iesdelvoltreganes\/wp-content\/uploads\/usu618\/2019\/06\/IMG_20190607_111030-1024x768.jpg 1024w, https:\/\/agora.xtec.cat\/iesdelvoltreganes\/wp-content\/uploads\/usu618\/2019\/06\/IMG_20190607_111030-200x150.jpg 200w\" sizes=\"auto, (max-width: 300px) 100vw, 300px\" \/><\/a><a href=\"https:\/\/agora.xtec.cat\/iesdelvoltreganes\/wp-content\/uploads\/usu618\/2019\/06\/IMG_20190607_124507.jpg\"><img loading=\"lazy\" decoding=\"async\" class=\"size-medium wp-image-3925 aligncenter\" src=\"https:\/\/agora.xtec.cat\/iesdelvoltreganes\/wp-content\/uploads\/usu618\/2019\/06\/IMG_20190607_124507-300x225.jpg\" alt=\"\" width=\"300\" height=\"225\" srcset=\"https:\/\/agora.xtec.cat\/iesdelvoltreganes\/wp-content\/uploads\/usu618\/2019\/06\/IMG_20190607_124507-300x225.jpg 300w, https:\/\/agora.xtec.cat\/iesdelvoltreganes\/wp-content\/uploads\/usu618\/2019\/06\/IMG_20190607_124507-768x576.jpg 768w, https:\/\/agora.xtec.cat\/iesdelvoltreganes\/wp-content\/uploads\/usu618\/2019\/06\/IMG_20190607_124507-1024x768.jpg 1024w, https:\/\/agora.xtec.cat\/iesdelvoltreganes\/wp-content\/uploads\/usu618\/2019\/06\/IMG_20190607_124507-200x150.jpg 200w\" sizes=\"auto, (max-width: 300px) 100vw, 300px\" \/><\/a><\/p>\n<p>&nbsp;<\/p>\n","protected":false},"excerpt":{"rendered":"<p>Els alumnes de 4t d&#8217;ESO han treballat el Taller\u00a0Hist\u00f2ries del s. XX\u00a0 al Museu d&#8217;Hist\u00f2ria de Catalunya. Amb petits grups, s&#8217;han familiaritzat amb l&#8217;\u00e8poca a partir d&#8217;una identitat d&#8217;una fam\u00edlia concreta: terratinents, milicians, propietaris industrials, obrers &#8230; fent \u00fas de reproduccions de fonts prim\u00e0ries.<br \/>\n<a href=\"https:\/\/agora.xtec.cat\/iesdelvoltreganes\/wp-content\/uploads\/usu618\/2019\/06\/IMG_20190607_111030.jpg\"><\/a><a&hellip;  <a href=\"https:\/\/agora.xtec.cat\/iesdelvoltreganes\/general\/taller-al-museu-dhistoria-de-catalunya\/\" title=\"Read Taller al Museu d&#8217;Hist\u00f2ria de Catalunya\">Llegeix m\u00e9s\u00bb<\/a><\/p>\n","protected":false},"author":6,"featured_media":0,"comment_status":"closed","ping_status":"closed","sticky":false,"template":"","format":"standard","meta":{"_bbp_topic_count":0,"_bbp_reply_count":0,"_bbp_total_topic_count":0,"_bbp_total_reply_count":0,"_bbp_voice_count":0,"_bbp_anonymous_reply_count":0,"_bbp_topic_count_hidden":0,"_bbp_reply_count_hidden":0,"_bbp_forum_subforum_count":0,"footnotes":""},"categories":[7,1,29],"tags":[39,58],"class_list":["post-3922","post","type-post","status-publish","format-standard","hentry","category-eso-4","category-general","category-portada","tag-sortides","tag-tallers"],"post_mailing_queue_ids":[],"_links":{"self":[{"href":"https:\/\/agora.xtec.cat\/iesdelvoltreganes\/wp-json\/wp\/v2\/posts\/3922","targetHints":{"allow":["GET"]}}],"collection":[{"href":"https:\/\/agora.xtec.cat\/iesdelvoltreganes\/wp-json\/wp\/v2\/posts"}],"about":[{"href":"https:\/\/agora.xtec.cat\/iesdelvoltreganes\/wp-json\/wp\/v2\/types\/post"}],"author":[{"embeddable":true,"href":"https:\/\/agora.xtec.cat\/iesdelvoltreganes\/wp-json\/wp\/v2\/users\/6"}],"replies":[{"embeddable":true,"href":"https:\/\/agora.xtec.cat\/iesdelvoltreganes\/wp-json\/wp\/v2\/comments?post=3922"}],"version-history":[{"count":3,"href":"https:\/\/agora.xtec.cat\/iesdelvoltreganes\/wp-json\/wp\/v2\/posts\/3922\/revisions"}],"predecessor-version":[{"id":3930,"href":"https:\/\/agora.xtec.cat\/iesdelvoltreganes\/wp-json\/wp\/v2\/posts\/3922\/revisions\/3930"}],"wp:attachment":[{"href":"https:\/\/agora.xtec.cat\/iesdelvoltreganes\/wp-json\/wp\/v2\/media?parent=3922"}],"wp:term":[{"taxonomy":"category","embeddable":true,"href":"https:\/\/agora.xtec.cat\/iesdelvoltreganes\/wp-json\/wp\/v2\/categories?post=3922"},{"taxonomy":"post_tag","embeddable":true,"href":"https:\/\/agora.xtec.cat\/iesdelvoltreganes\/wp-json\/wp\/v2\/tags?post=3922"}],"curies":[{"name":"wp","href":"https:\/\/api.w.org\/{rel}","templated":true}]}}