{"id":3834,"date":"2019-05-06T09:51:50","date_gmt":"2019-05-06T07:51:50","guid":{"rendered":"http:\/\/agora.xtec.cat\/iesdelvoltreganes\/?p=3834"},"modified":"2019-05-06T09:51:50","modified_gmt":"2019-05-06T07:51:50","slug":"lecoestacio-visita-linstitut-del-voltreganes","status":"publish","type":"post","link":"https:\/\/agora.xtec.cat\/iesdelvoltreganes\/general\/lecoestacio-visita-linstitut-del-voltreganes\/","title":{"rendered":"L\u2019ecoestaci\u00f3 visita l\u2019Institut del Voltregan\u00e8s"},"content":{"rendered":"<p>Dimarts dia 30 d\u2019abril i dijous dia 2 de maig l\u2019ecoestaci\u00f3 del Consell Comarcal d\u2019Osona, va estar instal\u00b7lada al pati del nostre institut tot el dia. Els alumnes de 1r d\u2019ESO, 4t d\u2019ESO i els de Ci\u00e8ncies de la Terra i el Medi Ambient de 1r i 2n batxillerat, van participar en uns tallers did\u00e0ctics al voltant de la gesti\u00f3 dels residus. Durant els patis tots els alumnes que van voler tamb\u00e9 varen fer jocs i activitats. De la m\u00e0 de la N\u00faria, t\u00e8cnica de medi ambient de l\u2019ecoestaci\u00f3, vam aprendre molt i tamb\u00e9 ens ho v\u00e0rem passar b\u00e9!<br \/>\nL\u2019objectiu \u00e9s reduir els residus que produ\u00efm i millorar la recollida selectiva a l\u2019institut i al poble en general. Seguim endavant!<br \/>\n<a href=\"https:\/\/photos.app.goo.gl\/b9BHP6NTSZZ5xZqX9\" target=\"_blank\" rel=\"noopener\"><img loading=\"lazy\" decoding=\"async\" class=\"alignnone wp-image-3840 size-medium\" src=\"https:\/\/agora.xtec.cat\/iesdelvoltreganes\/wp-content\/uploads\/usu618\/2019\/05\/bo-300x225.jpg\" alt=\"\" width=\"300\" height=\"225\" srcset=\"https:\/\/agora.xtec.cat\/iesdelvoltreganes\/wp-content\/uploads\/usu618\/2019\/05\/bo-300x225.jpg 300w, https:\/\/agora.xtec.cat\/iesdelvoltreganes\/wp-content\/uploads\/usu618\/2019\/05\/bo-768x576.jpg 768w, https:\/\/agora.xtec.cat\/iesdelvoltreganes\/wp-content\/uploads\/usu618\/2019\/05\/bo-1024x768.jpg 1024w, https:\/\/agora.xtec.cat\/iesdelvoltreganes\/wp-content\/uploads\/usu618\/2019\/05\/bo-200x150.jpg 200w\" sizes=\"auto, (max-width: 300px) 100vw, 300px\" \/><\/a><\/p>\n","protected":false},"excerpt":{"rendered":"<p>Dimarts dia 30 d\u2019abril i dijous dia 2 de maig l\u2019ecoestaci\u00f3 del Consell Comarcal d\u2019Osona, va estar instal\u00b7lada al pati del nostre institut tot el dia. Els alumnes de 1r d\u2019ESO, 4t d\u2019ESO i els de Ci\u00e8ncies de la Terra i el Medi Ambient de&hellip;  <a href=\"https:\/\/agora.xtec.cat\/iesdelvoltreganes\/general\/lecoestacio-visita-linstitut-del-voltreganes\/\" title=\"Read L\u2019ecoestaci\u00f3 visita l\u2019Institut del Voltregan\u00e8s\">Llegeix m\u00e9s\u00bb<\/a><\/p>\n","protected":false},"author":6,"featured_media":0,"comment_status":"closed","ping_status":"closed","sticky":false,"template":"","format":"standard","meta":{"_bbp_topic_count":0,"_bbp_reply_count":0,"_bbp_total_topic_count":0,"_bbp_total_reply_count":0,"_bbp_voice_count":0,"_bbp_anonymous_reply_count":0,"_bbp_topic_count_hidden":0,"_bbp_reply_count_hidden":0,"_bbp_forum_subforum_count":0,"footnotes":""},"categories":[65,1,29],"tags":[],"class_list":["post-3834","post","type-post","status-publish","format-standard","hentry","category-ciencies-experimentals","category-general","category-portada"],"post_mailing_queue_ids":[],"_links":{"self":[{"href":"https:\/\/agora.xtec.cat\/iesdelvoltreganes\/wp-json\/wp\/v2\/posts\/3834","targetHints":{"allow":["GET"]}}],"collection":[{"href":"https:\/\/agora.xtec.cat\/iesdelvoltreganes\/wp-json\/wp\/v2\/posts"}],"about":[{"href":"https:\/\/agora.xtec.cat\/iesdelvoltreganes\/wp-json\/wp\/v2\/types\/post"}],"author":[{"embeddable":true,"href":"https:\/\/agora.xtec.cat\/iesdelvoltreganes\/wp-json\/wp\/v2\/users\/6"}],"replies":[{"embeddable":true,"href":"https:\/\/agora.xtec.cat\/iesdelvoltreganes\/wp-json\/wp\/v2\/comments?post=3834"}],"version-history":[{"count":2,"href":"https:\/\/agora.xtec.cat\/iesdelvoltreganes\/wp-json\/wp\/v2\/posts\/3834\/revisions"}],"predecessor-version":[{"id":3841,"href":"https:\/\/agora.xtec.cat\/iesdelvoltreganes\/wp-json\/wp\/v2\/posts\/3834\/revisions\/3841"}],"wp:attachment":[{"href":"https:\/\/agora.xtec.cat\/iesdelvoltreganes\/wp-json\/wp\/v2\/media?parent=3834"}],"wp:term":[{"taxonomy":"category","embeddable":true,"href":"https:\/\/agora.xtec.cat\/iesdelvoltreganes\/wp-json\/wp\/v2\/categories?post=3834"},{"taxonomy":"post_tag","embeddable":true,"href":"https:\/\/agora.xtec.cat\/iesdelvoltreganes\/wp-json\/wp\/v2\/tags?post=3834"}],"curies":[{"name":"wp","href":"https:\/\/api.w.org\/{rel}","templated":true}]}}