{"id":3815,"date":"2019-04-26T13:07:01","date_gmt":"2019-04-26T11:07:01","guid":{"rendered":"http:\/\/agora.xtec.cat\/iesdelvoltreganes\/?p=3815"},"modified":"2019-05-13T09:29:32","modified_gmt":"2019-05-13T07:29:32","slug":"informacio-viatge-final-de-curs-de-4t-deso","status":"publish","type":"post","link":"https:\/\/agora.xtec.cat\/iesdelvoltreganes\/general\/informacio-viatge-final-de-curs-de-4t-deso\/","title":{"rendered":"Informaci\u00f3 viatge final de curs de 4t d&#8217;ESO i xerrada batxillerat curs 2019-2020"},"content":{"rendered":"<p>El proper divendres 10 de maig a les 17:30h farem una reuni\u00f3 al pavell\u00f3 de l&#8217;Institut del Voltregan\u00e8s per a les fam\u00edlies de 4t d&#8217;ESO interessades amb el viatge de fi de curs (recordeu que ser\u00e0 del dissabte 15 al dijous 20 de juny a It\u00e0lia).<\/p>\n<p>Tot seguit a les 18:00h es far\u00e0 la xerrada informativa per a les fam\u00edlies de 4t d&#8217;ESO interessades en el batxillerat per al curs 2019-2020.<\/p>\n","protected":false},"excerpt":{"rendered":"<p>El proper divendres 10 de maig a les 17:30h farem una reuni\u00f3 al pavell\u00f3 de l&#8217;Institut del Voltregan\u00e8s per a les fam\u00edlies de 4t d&#8217;ESO interessades amb el viatge de fi de curs (recordeu que ser\u00e0 del dissabte 15 al dijous 20 de juny a&hellip;  <a href=\"https:\/\/agora.xtec.cat\/iesdelvoltreganes\/general\/informacio-viatge-final-de-curs-de-4t-deso\/\" title=\"Read Informaci\u00f3 viatge final de curs de 4t d&#8217;ESO i xerrada batxillerat curs 2019-2020\">Llegeix m\u00e9s\u00bb<\/a><\/p>\n","protected":false},"author":6,"featured_media":0,"comment_status":"closed","ping_status":"closed","sticky":false,"template":"","format":"standard","meta":{"_bbp_topic_count":0,"_bbp_reply_count":0,"_bbp_total_topic_count":0,"_bbp_total_reply_count":0,"_bbp_voice_count":0,"_bbp_anonymous_reply_count":0,"_bbp_topic_count_hidden":0,"_bbp_reply_count_hidden":0,"_bbp_forum_subforum_count":0,"footnotes":""},"categories":[1,29],"tags":[],"class_list":["post-3815","post","type-post","status-publish","format-standard","hentry","category-general","category-portada"],"post_mailing_queue_ids":[],"_links":{"self":[{"href":"https:\/\/agora.xtec.cat\/iesdelvoltreganes\/wp-json\/wp\/v2\/posts\/3815","targetHints":{"allow":["GET"]}}],"collection":[{"href":"https:\/\/agora.xtec.cat\/iesdelvoltreganes\/wp-json\/wp\/v2\/posts"}],"about":[{"href":"https:\/\/agora.xtec.cat\/iesdelvoltreganes\/wp-json\/wp\/v2\/types\/post"}],"author":[{"embeddable":true,"href":"https:\/\/agora.xtec.cat\/iesdelvoltreganes\/wp-json\/wp\/v2\/users\/6"}],"replies":[{"embeddable":true,"href":"https:\/\/agora.xtec.cat\/iesdelvoltreganes\/wp-json\/wp\/v2\/comments?post=3815"}],"version-history":[{"count":3,"href":"https:\/\/agora.xtec.cat\/iesdelvoltreganes\/wp-json\/wp\/v2\/posts\/3815\/revisions"}],"predecessor-version":[{"id":3833,"href":"https:\/\/agora.xtec.cat\/iesdelvoltreganes\/wp-json\/wp\/v2\/posts\/3815\/revisions\/3833"}],"wp:attachment":[{"href":"https:\/\/agora.xtec.cat\/iesdelvoltreganes\/wp-json\/wp\/v2\/media?parent=3815"}],"wp:term":[{"taxonomy":"category","embeddable":true,"href":"https:\/\/agora.xtec.cat\/iesdelvoltreganes\/wp-json\/wp\/v2\/categories?post=3815"},{"taxonomy":"post_tag","embeddable":true,"href":"https:\/\/agora.xtec.cat\/iesdelvoltreganes\/wp-json\/wp\/v2\/tags?post=3815"}],"curies":[{"name":"wp","href":"https:\/\/api.w.org\/{rel}","templated":true}]}}