{"id":3777,"date":"2019-04-12T12:59:44","date_gmt":"2019-04-12T10:59:44","guid":{"rendered":"http:\/\/agora.xtec.cat\/iesdelvoltreganes\/?p=3777"},"modified":"2019-04-12T13:12:45","modified_gmt":"2019-04-12T11:12:45","slug":"una-iliada-a-torello","status":"publish","type":"post","link":"https:\/\/agora.xtec.cat\/iesdelvoltreganes\/general\/una-iliada-a-torello\/","title":{"rendered":"<em>Una Il\u00edada<\/em> a Torell\u00f3"},"content":{"rendered":"<p><a href=\"https:\/\/agora.xtec.cat\/iesdelvoltreganes\/wp-content\/uploads\/usu618\/2019\/04\/image1.jpeg\"><img loading=\"lazy\" decoding=\"async\" class=\"alignnone size-medium wp-image-3778\" src=\"https:\/\/agora.xtec.cat\/iesdelvoltreganes\/wp-content\/uploads\/usu618\/2019\/04\/image1-225x300.jpeg\" alt=\"\" width=\"225\" height=\"300\" srcset=\"https:\/\/agora.xtec.cat\/iesdelvoltreganes\/wp-content\/uploads\/usu618\/2019\/04\/image1-225x300.jpeg 225w, https:\/\/agora.xtec.cat\/iesdelvoltreganes\/wp-content\/uploads\/usu618\/2019\/04\/image1-768x1024.jpeg 768w, https:\/\/agora.xtec.cat\/iesdelvoltreganes\/wp-content\/uploads\/usu618\/2019\/04\/image1.jpeg 1512w\" sizes=\"auto, (max-width: 225px) 100vw, 225px\" \/><\/a><\/p>\n<p>El passat 6 d\u2019abril a les 21 del vespre els alumnes de Literatura Universal de<br \/>\nbatxillerat de l\u2019institut del Voltregan\u00e8s, van anar a veure l\u2019obra de teatre <em>Una Il\u00edada<\/em>, per Eduard Farelo; que va tenir lloc al Cirvianum, a Torell\u00f3.<br \/>\nEs tractava d\u2019un mon\u00f2leg on simulava que els espectadors \u00e9rem els grecs i\u00a0escolt\u00e0vem la hist\u00f2ria d\u2019un rapsode, tot all\u00f2 acompanyat del so d\u2019un contrabaixista: Juan Pablo Balc\u00e1zar.<br \/>\nEn aquesta hist\u00f2ria, l\u2019actor ens relata la Guerra de Troia explicada per Homer. Ho fa d\u2019una forma tan din\u00e0mica i expressiva que resulta dif\u00edcil que no es capti l\u2019atenci\u00f3 del\u00a0p\u00fablic. A m\u00e9s a m\u00e9s, combinava la Guerra de Troia amb fets i\/o noms actuals, la\u00a0qual cosa feia atrapar amb m\u00e9s intensitat aquell toc d\u2019atenci\u00f3.<\/p>\n","protected":false},"excerpt":{"rendered":"<p><a href=\"https:\/\/agora.xtec.cat\/iesdelvoltreganes\/wp-content\/uploads\/usu618\/2019\/04\/image1.jpeg\"><\/a><br \/>\nEl passat 6 d\u2019abril a les 21 del vespre els alumnes de Literatura Universal de<br \/>\nbatxillerat de l\u2019institut del Voltregan\u00e8s, van anar a veure l\u2019obra de teatre Una Il\u00edada, per Eduard Farelo; que va tenir lloc al Cirvianum, a Torell\u00f3.<br \/>\nEs tractava d\u2019un mon\u00f2leg on simulava&hellip;  <a href=\"https:\/\/agora.xtec.cat\/iesdelvoltreganes\/general\/una-iliada-a-torello\/\" title=\"Read <em>Una Il\u00edada<\/em> a Torell\u00f3&#8221;>Llegeix m\u00e9s\u00bb<\/a><\/p>\n","protected":false},"author":6,"featured_media":0,"comment_status":"closed","ping_status":"closed","sticky":false,"template":"","format":"standard","meta":{"_bbp_topic_count":0,"_bbp_reply_count":0,"_bbp_total_topic_count":0,"_bbp_total_reply_count":0,"_bbp_voice_count":0,"_bbp_anonymous_reply_count":0,"_bbp_topic_count_hidden":0,"_bbp_reply_count_hidden":0,"_bbp_forum_subforum_count":0,"footnotes":""},"categories":[8,1,72,29],"tags":[40],"class_list":["post-3777","post","type-post","status-publish","format-standard","hentry","category-batxillerat","category-general","category-llengues-i-literatura","category-portada","tag-teatre"],"post_mailing_queue_ids":[],"_links":{"self":[{"href":"https:\/\/agora.xtec.cat\/iesdelvoltreganes\/wp-json\/wp\/v2\/posts\/3777","targetHints":{"allow":["GET"]}}],"collection":[{"href":"https:\/\/agora.xtec.cat\/iesdelvoltreganes\/wp-json\/wp\/v2\/posts"}],"about":[{"href":"https:\/\/agora.xtec.cat\/iesdelvoltreganes\/wp-json\/wp\/v2\/types\/post"}],"author":[{"embeddable":true,"href":"https:\/\/agora.xtec.cat\/iesdelvoltreganes\/wp-json\/wp\/v2\/users\/6"}],"replies":[{"embeddable":true,"href":"https:\/\/agora.xtec.cat\/iesdelvoltreganes\/wp-json\/wp\/v2\/comments?post=3777"}],"version-history":[{"count":3,"href":"https:\/\/agora.xtec.cat\/iesdelvoltreganes\/wp-json\/wp\/v2\/posts\/3777\/revisions"}],"predecessor-version":[{"id":3785,"href":"https:\/\/agora.xtec.cat\/iesdelvoltreganes\/wp-json\/wp\/v2\/posts\/3777\/revisions\/3785"}],"wp:attachment":[{"href":"https:\/\/agora.xtec.cat\/iesdelvoltreganes\/wp-json\/wp\/v2\/media?parent=3777"}],"wp:term":[{"taxonomy":"category","embeddable":true,"href":"https:\/\/agora.xtec.cat\/iesdelvoltreganes\/wp-json\/wp\/v2\/categories?post=3777"},{"taxonomy":"post_tag","embeddable":true,"href":"https:\/\/agora.xtec.cat\/iesdelvoltreganes\/wp-json\/wp\/v2\/tags?post=3777"}],"curies":[{"name":"wp","href":"https:\/\/api.w.org\/{rel}","templated":true}]}}