{"id":3740,"date":"2019-04-20T11:42:21","date_gmt":"2019-04-20T09:42:21","guid":{"rendered":"http:\/\/agora.xtec.cat\/iesdelvoltreganes\/?p=3740"},"modified":"2019-04-25T11:43:27","modified_gmt":"2019-04-25T09:43:27","slug":"xerrada-sobre-biomaterials","status":"publish","type":"post","link":"https:\/\/agora.xtec.cat\/iesdelvoltreganes\/batxillerat\/xerrada-sobre-biomaterials\/","title":{"rendered":"Xerrada sobre biomaterials"},"content":{"rendered":"<p>L&#8217;Escola Polit\u00e8cnica de la Universitat de Girona ofereix xerrades adre\u00e7ades a secund\u00e0ria de cara a donar a con\u00e8ixer la recerca que estan fent. Els alumnes de 1r de batxillerat han assistit a la xerrada: <em>Els biomaterials a l&#8217;\u00e0mbit m\u00e8dic<\/em>, a c\u00e0rrec de Jos\u00e9 Alberto M\u00e9ndez.<\/p>\n","protected":false},"excerpt":{"rendered":"<p>L&#8217;Escola Polit\u00e8cnica de la Universitat de Girona ofereix xerrades adre\u00e7ades a secund\u00e0ria de cara a donar a con\u00e8ixer la recerca que estan fent. Els alumnes de 1r de batxillerat han assistit a la xerrada: Els biomaterials a l&#8217;\u00e0mbit m\u00e8dic, a c\u00e0rrec de Jos\u00e9 Alberto M\u00e9ndez.<\/p>\n","protected":false},"author":6,"featured_media":0,"comment_status":"closed","ping_status":"closed","sticky":false,"template":"","format":"standard","meta":{"_bbp_topic_count":0,"_bbp_reply_count":0,"_bbp_total_topic_count":0,"_bbp_total_reply_count":0,"_bbp_voice_count":0,"_bbp_anonymous_reply_count":0,"_bbp_topic_count_hidden":0,"_bbp_reply_count_hidden":0,"_bbp_forum_subforum_count":0,"footnotes":""},"categories":[8,65,29,92,64],"tags":[44],"class_list":["post-3740","post","type-post","status-publish","format-standard","hentry","category-batxillerat","category-ciencies-experimentals","category-portada","category-professorat","category-tecnologia","tag-xerrades"],"post_mailing_queue_ids":[],"_links":{"self":[{"href":"https:\/\/agora.xtec.cat\/iesdelvoltreganes\/wp-json\/wp\/v2\/posts\/3740","targetHints":{"allow":["GET"]}}],"collection":[{"href":"https:\/\/agora.xtec.cat\/iesdelvoltreganes\/wp-json\/wp\/v2\/posts"}],"about":[{"href":"https:\/\/agora.xtec.cat\/iesdelvoltreganes\/wp-json\/wp\/v2\/types\/post"}],"author":[{"embeddable":true,"href":"https:\/\/agora.xtec.cat\/iesdelvoltreganes\/wp-json\/wp\/v2\/users\/6"}],"replies":[{"embeddable":true,"href":"https:\/\/agora.xtec.cat\/iesdelvoltreganes\/wp-json\/wp\/v2\/comments?post=3740"}],"version-history":[{"count":2,"href":"https:\/\/agora.xtec.cat\/iesdelvoltreganes\/wp-json\/wp\/v2\/posts\/3740\/revisions"}],"predecessor-version":[{"id":3783,"href":"https:\/\/agora.xtec.cat\/iesdelvoltreganes\/wp-json\/wp\/v2\/posts\/3740\/revisions\/3783"}],"wp:attachment":[{"href":"https:\/\/agora.xtec.cat\/iesdelvoltreganes\/wp-json\/wp\/v2\/media?parent=3740"}],"wp:term":[{"taxonomy":"category","embeddable":true,"href":"https:\/\/agora.xtec.cat\/iesdelvoltreganes\/wp-json\/wp\/v2\/categories?post=3740"},{"taxonomy":"post_tag","embeddable":true,"href":"https:\/\/agora.xtec.cat\/iesdelvoltreganes\/wp-json\/wp\/v2\/tags?post=3740"}],"curies":[{"name":"wp","href":"https:\/\/api.w.org\/{rel}","templated":true}]}}