{"id":3738,"date":"2019-04-12T09:37:42","date_gmt":"2019-04-12T07:37:42","guid":{"rendered":"http:\/\/agora.xtec.cat\/iesdelvoltreganes\/?p=3738"},"modified":"2019-04-12T09:39:54","modified_gmt":"2019-04-12T07:39:54","slug":"museu-de-les-matematiques-de-cornella","status":"publish","type":"post","link":"https:\/\/agora.xtec.cat\/iesdelvoltreganes\/general\/museu-de-les-matematiques-de-cornella\/","title":{"rendered":"Museu de les Matem\u00e0tiques de Cornell\u00e0"},"content":{"rendered":"<p><a href=\"https:\/\/photos.app.goo.gl\/NRuCPd5UHzfYXjQq6\" target=\"_blank\" rel=\"noopener\"><img loading=\"lazy\" decoding=\"async\" class=\"alignnone wp-image-3774 size-medium\" src=\"https:\/\/agora.xtec.cat\/iesdelvoltreganes\/wp-content\/uploads\/usu618\/2019\/04\/20190409_130226-300x225.jpg\" alt=\"\" width=\"300\" height=\"225\" srcset=\"https:\/\/agora.xtec.cat\/iesdelvoltreganes\/wp-content\/uploads\/usu618\/2019\/04\/20190409_130226-300x225.jpg 300w, https:\/\/agora.xtec.cat\/iesdelvoltreganes\/wp-content\/uploads\/usu618\/2019\/04\/20190409_130226-768x576.jpg 768w, https:\/\/agora.xtec.cat\/iesdelvoltreganes\/wp-content\/uploads\/usu618\/2019\/04\/20190409_130226-1024x768.jpg 1024w, https:\/\/agora.xtec.cat\/iesdelvoltreganes\/wp-content\/uploads\/usu618\/2019\/04\/20190409_130226-200x150.jpg 200w\" sizes=\"auto, (max-width: 300px) 100vw, 300px\" \/><\/a><\/p>\n<p>Els alumnes de 3r d&#8217;ESO han visitat el Museu de les Matem\u00e0tiques de Catalunya (MMACA) a Cornell\u00e0 de Llobregat. Han pogut jugar tot practicant matem\u00e0tiques.<\/p>\n<p>Primer han estat a l&#8217;exposici\u00f3\u00a0<strong>EXPERI\u00c8NCIES MATEM\u00c0TIQUES <\/strong>situada a la segona planta del Palau Mercader dins el\u00a0parc de Can Mercader, una\u00a0gran zona verda\u00a0enjardinada. Despr\u00e9s han muntat una c\u00fapula.<\/p>\n","protected":false},"excerpt":{"rendered":"<p><a href=\"https:\/\/photos.app.goo.gl\/NRuCPd5UHzfYXjQq6\" target=\"_blank\" rel=\"noopener\"><\/a><br \/>\nEls alumnes de 3r d&#8217;ESO han visitat el Museu de les Matem\u00e0tiques de Catalunya (MMACA) a Cornell\u00e0 de Llobregat. Han pogut jugar tot practicant matem\u00e0tiques.<br \/>\nPrimer han estat a l&#8217;exposici\u00f3\u00a0EXPERI\u00c8NCIES MATEM\u00c0TIQUES situada a la segona planta del Palau Mercader dins el\u00a0parc de Can&hellip;  <a href=\"https:\/\/agora.xtec.cat\/iesdelvoltreganes\/general\/museu-de-les-matematiques-de-cornella\/\" title=\"Read Museu de les Matem\u00e0tiques de Cornell\u00e0\">Llegeix m\u00e9s\u00bb<\/a><\/p>\n","protected":false},"author":6,"featured_media":0,"comment_status":"closed","ping_status":"closed","sticky":false,"template":"","format":"standard","meta":{"_bbp_topic_count":0,"_bbp_reply_count":0,"_bbp_total_topic_count":0,"_bbp_total_reply_count":0,"_bbp_voice_count":0,"_bbp_anonymous_reply_count":0,"_bbp_topic_count_hidden":0,"_bbp_reply_count_hidden":0,"_bbp_forum_subforum_count":0,"footnotes":""},"categories":[6,1,73,29],"tags":[39],"class_list":["post-3738","post","type-post","status-publish","format-standard","hentry","category-eso-3","category-general","category-matematiques","category-portada","tag-sortides"],"post_mailing_queue_ids":[],"_links":{"self":[{"href":"https:\/\/agora.xtec.cat\/iesdelvoltreganes\/wp-json\/wp\/v2\/posts\/3738","targetHints":{"allow":["GET"]}}],"collection":[{"href":"https:\/\/agora.xtec.cat\/iesdelvoltreganes\/wp-json\/wp\/v2\/posts"}],"about":[{"href":"https:\/\/agora.xtec.cat\/iesdelvoltreganes\/wp-json\/wp\/v2\/types\/post"}],"author":[{"embeddable":true,"href":"https:\/\/agora.xtec.cat\/iesdelvoltreganes\/wp-json\/wp\/v2\/users\/6"}],"replies":[{"embeddable":true,"href":"https:\/\/agora.xtec.cat\/iesdelvoltreganes\/wp-json\/wp\/v2\/comments?post=3738"}],"version-history":[{"count":3,"href":"https:\/\/agora.xtec.cat\/iesdelvoltreganes\/wp-json\/wp\/v2\/posts\/3738\/revisions"}],"predecessor-version":[{"id":3776,"href":"https:\/\/agora.xtec.cat\/iesdelvoltreganes\/wp-json\/wp\/v2\/posts\/3738\/revisions\/3776"}],"wp:attachment":[{"href":"https:\/\/agora.xtec.cat\/iesdelvoltreganes\/wp-json\/wp\/v2\/media?parent=3738"}],"wp:term":[{"taxonomy":"category","embeddable":true,"href":"https:\/\/agora.xtec.cat\/iesdelvoltreganes\/wp-json\/wp\/v2\/categories?post=3738"},{"taxonomy":"post_tag","embeddable":true,"href":"https:\/\/agora.xtec.cat\/iesdelvoltreganes\/wp-json\/wp\/v2\/tags?post=3738"}],"curies":[{"name":"wp","href":"https:\/\/api.w.org\/{rel}","templated":true}]}}