{"id":3734,"date":"2019-04-10T08:40:17","date_gmt":"2019-04-10T06:40:17","guid":{"rendered":"http:\/\/agora.xtec.cat\/iesdelvoltreganes\/?p=3734"},"modified":"2019-04-25T11:40:07","modified_gmt":"2019-04-25T09:40:07","slug":"exposicio-no-sen-parlava","status":"publish","type":"post","link":"https:\/\/agora.xtec.cat\/iesdelvoltreganes\/general\/exposicio-no-sen-parlava\/","title":{"rendered":"Exposici\u00f3: <em>No se&#8217;n parlava<\/em>"},"content":{"rendered":"<p>]<a href=\"https:\/\/photos.app.goo.gl\/TbJ7tRiriKtLS53R9\" target=\"_blank\" rel=\"noopener\"><img loading=\"lazy\" decoding=\"async\" class=\"alignnone wp-image-3752 size-medium\" src=\"https:\/\/agora.xtec.cat\/iesdelvoltreganes\/wp-content\/uploads\/usu618\/2019\/04\/1a-300x151.jpg\" alt=\"\" width=\"300\" height=\"151\" srcset=\"https:\/\/agora.xtec.cat\/iesdelvoltreganes\/wp-content\/uploads\/usu618\/2019\/04\/1a-300x151.jpg 300w, https:\/\/agora.xtec.cat\/iesdelvoltreganes\/wp-content\/uploads\/usu618\/2019\/04\/1a-768x388.jpg 768w, https:\/\/agora.xtec.cat\/iesdelvoltreganes\/wp-content\/uploads\/usu618\/2019\/04\/1a-1024x517.jpg 1024w\" sizes=\"auto, (max-width: 300px) 100vw, 300px\" \/><\/a><\/p>\n<p><a href=\"https:\/\/agora.xtec.cat\/iesdelvoltreganes\/wp-content\/uploads\/usu618\/2019\/04\/IMG_20190410_114304-e1555053976598.jpg\"><img loading=\"lazy\" decoding=\"async\" class=\"size-medium wp-image-3769 alignleft\" src=\"https:\/\/agora.xtec.cat\/iesdelvoltreganes\/wp-content\/uploads\/usu618\/2019\/04\/IMG_20190410_114304-e1555053976598-300x87.jpg\" alt=\"\" width=\"300\" height=\"87\" srcset=\"https:\/\/agora.xtec.cat\/iesdelvoltreganes\/wp-content\/uploads\/usu618\/2019\/04\/IMG_20190410_114304-e1555053976598-300x87.jpg 300w, https:\/\/agora.xtec.cat\/iesdelvoltreganes\/wp-content\/uploads\/usu618\/2019\/04\/IMG_20190410_114304-e1555053976598-768x224.jpg 768w, https:\/\/agora.xtec.cat\/iesdelvoltreganes\/wp-content\/uploads\/usu618\/2019\/04\/IMG_20190410_114304-e1555053976598-1024x298.jpg 1024w, https:\/\/agora.xtec.cat\/iesdelvoltreganes\/wp-content\/uploads\/usu618\/2019\/04\/IMG_20190410_114304-e1555053976598.jpg 1981w\" sizes=\"auto, (max-width: 300px) 100vw, 300px\" \/><\/a><\/p>\n<p>&nbsp;<\/p>\n<p>&nbsp;<\/p>\n<p>&nbsp;<\/p>\n<p>Els alumnes de 4t d&#8217;ESO i 1r A de batxillerat van assistir a l\u2019exposici\u00f3 del Museu del Ter \u201cNo se\u2019n parlava\u201d, un treball de la historiadora i antiga professora de l\u2019institut Assumpta Tort.<br \/>\nAmb les seves explicacions, l\u2019alumnat va poder con\u00e8ixer formes de recerca hist\u00f2rica aix\u00ed com tamb\u00e9 la vida dels reprasaliats i represaliades sota la repressi\u00f3 franquista.<\/p>\n","protected":false},"excerpt":{"rendered":"<p>]<a href=\"https:\/\/photos.app.goo.gl\/TbJ7tRiriKtLS53R9\" target=\"_blank\" rel=\"noopener\"><\/a><br \/>\n<a href=\"https:\/\/agora.xtec.cat\/iesdelvoltreganes\/wp-content\/uploads\/usu618\/2019\/04\/IMG_20190410_114304-e1555053976598.jpg\"><\/a><br \/>\n&nbsp;<br \/>\n&nbsp;<br \/>\n&nbsp;<br \/>\nEls alumnes de 4t d&#8217;ESO i 1r A de batxillerat van assistir a l\u2019exposici\u00f3 del Museu del Ter \u201cNo se\u2019n parlava\u201d, un treball de la historiadora i antiga professora de l\u2019institut Assumpta Tort.<br \/>\nAmb les seves explicacions, l\u2019alumnat va poder con\u00e8ixer formes&hellip;  <a href=\"https:\/\/agora.xtec.cat\/iesdelvoltreganes\/general\/exposicio-no-sen-parlava\/\" title=\"Read Exposici\u00f3: <em>No se&#8217;n parlava<\/em>&#8220;>Llegeix m\u00e9s\u00bb<\/a><\/p>\n","protected":false},"author":6,"featured_media":0,"comment_status":"closed","ping_status":"closed","sticky":false,"template":"","format":"standard","meta":{"_bbp_topic_count":0,"_bbp_reply_count":0,"_bbp_total_topic_count":0,"_bbp_total_reply_count":0,"_bbp_voice_count":0,"_bbp_anonymous_reply_count":0,"_bbp_topic_count_hidden":0,"_bbp_reply_count_hidden":0,"_bbp_forum_subforum_count":0,"footnotes":""},"categories":[8,66,7,1,29],"tags":[39],"class_list":["post-3734","post","type-post","status-publish","format-standard","hentry","category-batxillerat","category-ciencies-socials","category-eso-4","category-general","category-portada","tag-sortides"],"post_mailing_queue_ids":[],"_links":{"self":[{"href":"https:\/\/agora.xtec.cat\/iesdelvoltreganes\/wp-json\/wp\/v2\/posts\/3734","targetHints":{"allow":["GET"]}}],"collection":[{"href":"https:\/\/agora.xtec.cat\/iesdelvoltreganes\/wp-json\/wp\/v2\/posts"}],"about":[{"href":"https:\/\/agora.xtec.cat\/iesdelvoltreganes\/wp-json\/wp\/v2\/types\/post"}],"author":[{"embeddable":true,"href":"https:\/\/agora.xtec.cat\/iesdelvoltreganes\/wp-json\/wp\/v2\/users\/6"}],"replies":[{"embeddable":true,"href":"https:\/\/agora.xtec.cat\/iesdelvoltreganes\/wp-json\/wp\/v2\/comments?post=3734"}],"version-history":[{"count":3,"href":"https:\/\/agora.xtec.cat\/iesdelvoltreganes\/wp-json\/wp\/v2\/posts\/3734\/revisions"}],"predecessor-version":[{"id":3808,"href":"https:\/\/agora.xtec.cat\/iesdelvoltreganes\/wp-json\/wp\/v2\/posts\/3734\/revisions\/3808"}],"wp:attachment":[{"href":"https:\/\/agora.xtec.cat\/iesdelvoltreganes\/wp-json\/wp\/v2\/media?parent=3734"}],"wp:term":[{"taxonomy":"category","embeddable":true,"href":"https:\/\/agora.xtec.cat\/iesdelvoltreganes\/wp-json\/wp\/v2\/categories?post=3734"},{"taxonomy":"post_tag","embeddable":true,"href":"https:\/\/agora.xtec.cat\/iesdelvoltreganes\/wp-json\/wp\/v2\/tags?post=3734"}],"curies":[{"name":"wp","href":"https:\/\/api.w.org\/{rel}","templated":true}]}}