{"id":3732,"date":"2019-04-10T08:46:42","date_gmt":"2019-04-10T06:46:42","guid":{"rendered":"http:\/\/agora.xtec.cat\/iesdelvoltreganes\/?p=3732"},"modified":"2019-04-10T08:47:36","modified_gmt":"2019-04-10T06:47:36","slug":"commemoracio-80-anys-de-lexili-republica","status":"publish","type":"post","link":"https:\/\/agora.xtec.cat\/iesdelvoltreganes\/general\/commemoracio-80-anys-de-lexili-republica\/","title":{"rendered":"Commemoraci\u00f3 80 anys de l&#8217;exili republic\u00e0"},"content":{"rendered":"<p>El passat divendres 5 d&#8217;abril, l&#8217;alumnat de 2n de batxillerat va assistir al guiatge d&#8217;Assumpta Montell\u00e0 sobre la ruta de l&#8217;exili. La investigaci\u00f3 que aquesta historiadora va fer sobre la Maternitat d&#8217;Elna va ser explicada als i les alumnes in situ. Aix\u00ed mateix, van visitar la platja d&#8217;Argelers on hi havia hagut un camp de concentraci\u00f3 i el cementiri de Cotlliure on hi ha enterrat el poeta Antonio Machado. D&#8217;aquesta manera van poder entendre millor i ampliar part del temari d&#8217;Hist\u00f2ria en concret l&#8217;exili republic\u00e0 i el final de la guerra civil espanyola.<\/p>\n<p><a href=\"https:\/\/photos.app.goo.gl\/LF4NADvJYhfsCZjn6\" target=\"_blank\" rel=\"noopener\"><img loading=\"lazy\" decoding=\"async\" class=\"alignnone wp-image-3756 size-medium\" src=\"https:\/\/agora.xtec.cat\/iesdelvoltreganes\/wp-content\/uploads\/usu618\/2019\/04\/1-300x234.jpg\" alt=\"\" width=\"300\" height=\"234\" srcset=\"https:\/\/agora.xtec.cat\/iesdelvoltreganes\/wp-content\/uploads\/usu618\/2019\/04\/1-300x234.jpg 300w, https:\/\/agora.xtec.cat\/iesdelvoltreganes\/wp-content\/uploads\/usu618\/2019\/04\/1-768x599.jpg 768w, https:\/\/agora.xtec.cat\/iesdelvoltreganes\/wp-content\/uploads\/usu618\/2019\/04\/1-1024x799.jpg 1024w, https:\/\/agora.xtec.cat\/iesdelvoltreganes\/wp-content\/uploads\/usu618\/2019\/04\/1.jpg 1600w\" sizes=\"auto, (max-width: 300px) 100vw, 300px\" \/><\/a><\/p>\n","protected":false},"excerpt":{"rendered":"<p>El passat divendres 5 d&#8217;abril, l&#8217;alumnat de 2n de batxillerat va assistir al guiatge d&#8217;Assumpta Montell\u00e0 sobre la ruta de l&#8217;exili. La investigaci\u00f3 que aquesta historiadora va fer sobre la Maternitat d&#8217;Elna va ser explicada als i les alumnes in situ. Aix\u00ed mateix, van visitar&hellip;  <a href=\"https:\/\/agora.xtec.cat\/iesdelvoltreganes\/general\/commemoracio-80-anys-de-lexili-republica\/\" title=\"Read Commemoraci\u00f3 80 anys de l&#8217;exili republic\u00e0\">Llegeix m\u00e9s\u00bb<\/a><\/p>\n","protected":false},"author":6,"featured_media":0,"comment_status":"closed","ping_status":"closed","sticky":false,"template":"","format":"standard","meta":{"_bbp_topic_count":0,"_bbp_reply_count":0,"_bbp_total_topic_count":0,"_bbp_total_reply_count":0,"_bbp_voice_count":0,"_bbp_anonymous_reply_count":0,"_bbp_topic_count_hidden":0,"_bbp_reply_count_hidden":0,"_bbp_forum_subforum_count":0,"footnotes":""},"categories":[8,66,1,29],"tags":[39],"class_list":["post-3732","post","type-post","status-publish","format-standard","hentry","category-batxillerat","category-ciencies-socials","category-general","category-portada","tag-sortides"],"post_mailing_queue_ids":[],"_links":{"self":[{"href":"https:\/\/agora.xtec.cat\/iesdelvoltreganes\/wp-json\/wp\/v2\/posts\/3732","targetHints":{"allow":["GET"]}}],"collection":[{"href":"https:\/\/agora.xtec.cat\/iesdelvoltreganes\/wp-json\/wp\/v2\/posts"}],"about":[{"href":"https:\/\/agora.xtec.cat\/iesdelvoltreganes\/wp-json\/wp\/v2\/types\/post"}],"author":[{"embeddable":true,"href":"https:\/\/agora.xtec.cat\/iesdelvoltreganes\/wp-json\/wp\/v2\/users\/6"}],"replies":[{"embeddable":true,"href":"https:\/\/agora.xtec.cat\/iesdelvoltreganes\/wp-json\/wp\/v2\/comments?post=3732"}],"version-history":[{"count":3,"href":"https:\/\/agora.xtec.cat\/iesdelvoltreganes\/wp-json\/wp\/v2\/posts\/3732\/revisions"}],"predecessor-version":[{"id":3758,"href":"https:\/\/agora.xtec.cat\/iesdelvoltreganes\/wp-json\/wp\/v2\/posts\/3732\/revisions\/3758"}],"wp:attachment":[{"href":"https:\/\/agora.xtec.cat\/iesdelvoltreganes\/wp-json\/wp\/v2\/media?parent=3732"}],"wp:term":[{"taxonomy":"category","embeddable":true,"href":"https:\/\/agora.xtec.cat\/iesdelvoltreganes\/wp-json\/wp\/v2\/categories?post=3732"},{"taxonomy":"post_tag","embeddable":true,"href":"https:\/\/agora.xtec.cat\/iesdelvoltreganes\/wp-json\/wp\/v2\/tags?post=3732"}],"curies":[{"name":"wp","href":"https:\/\/api.w.org\/{rel}","templated":true}]}}