{"id":3718,"date":"2019-04-05T12:56:42","date_gmt":"2019-04-05T10:56:42","guid":{"rendered":"http:\/\/agora.xtec.cat\/iesdelvoltreganes\/?p=3718"},"modified":"2019-04-05T12:56:42","modified_gmt":"2019-04-05T10:56:42","slug":"visita-a-la-cooperativa-la-fageda","status":"publish","type":"post","link":"https:\/\/agora.xtec.cat\/iesdelvoltreganes\/general\/visita-a-la-cooperativa-la-fageda\/","title":{"rendered":"Visita a la Cooperativa La Fageda"},"content":{"rendered":"<p>El passat divendres, els alumnes de 2n ESO, van visitar la Cooperativa de la Fageda d\u2019Olot . La sortida la va organitzar l&#8217;\u00e0rea de tecnologia per estudiar el proc\u00e9s industrial de la ind\u00fastria aliment\u00e0ria.<br \/>\nDurant la visita vam veure la granja i la producci\u00f3 de iogurts, melmelades i gelats.<br \/>\nLa visita i el tracte rebut, aix\u00ed com l\u2019actitud dels nostres alumnes van fer que la sortida fos un \u00e8xit.<br \/>\n<a href=\"https:\/\/photos.app.goo.gl\/5WwjkTgPusC8sWrX6\" target=\"_blank\" rel=\"noopener\"><img loading=\"lazy\" decoding=\"async\" class=\"alignnone wp-image-3719 size-medium\" src=\"https:\/\/agora.xtec.cat\/iesdelvoltreganes\/wp-content\/uploads\/usu618\/2019\/04\/IMG_0029-300x225.jpg\" alt=\"\" width=\"300\" height=\"225\" srcset=\"https:\/\/agora.xtec.cat\/iesdelvoltreganes\/wp-content\/uploads\/usu618\/2019\/04\/IMG_0029-300x225.jpg 300w, https:\/\/agora.xtec.cat\/iesdelvoltreganes\/wp-content\/uploads\/usu618\/2019\/04\/IMG_0029-768x576.jpg 768w, https:\/\/agora.xtec.cat\/iesdelvoltreganes\/wp-content\/uploads\/usu618\/2019\/04\/IMG_0029-1024x768.jpg 1024w, https:\/\/agora.xtec.cat\/iesdelvoltreganes\/wp-content\/uploads\/usu618\/2019\/04\/IMG_0029-200x150.jpg 200w, https:\/\/agora.xtec.cat\/iesdelvoltreganes\/wp-content\/uploads\/usu618\/2019\/04\/IMG_0029.jpg 1600w\" sizes=\"auto, (max-width: 300px) 100vw, 300px\" \/><\/a><\/p>\n","protected":false},"excerpt":{"rendered":"<p>El passat divendres, els alumnes de 2n ESO, van visitar la Cooperativa de la Fageda d\u2019Olot . La sortida la va organitzar l&#8217;\u00e0rea de tecnologia per estudiar el proc\u00e9s industrial de la ind\u00fastria aliment\u00e0ria.<br \/>\nDurant la visita vam veure la granja i la producci\u00f3 de iogurts,&hellip;  <a href=\"https:\/\/agora.xtec.cat\/iesdelvoltreganes\/general\/visita-a-la-cooperativa-la-fageda\/\" title=\"Read Visita a la Cooperativa La Fageda\">Llegeix m\u00e9s\u00bb<\/a><\/p>\n","protected":false},"author":6,"featured_media":0,"comment_status":"closed","ping_status":"closed","sticky":false,"template":"","format":"standard","meta":{"_bbp_topic_count":0,"_bbp_reply_count":0,"_bbp_total_topic_count":0,"_bbp_total_reply_count":0,"_bbp_voice_count":0,"_bbp_anonymous_reply_count":0,"_bbp_topic_count_hidden":0,"_bbp_reply_count_hidden":0,"_bbp_forum_subforum_count":0,"footnotes":""},"categories":[5,1,29,64],"tags":[39],"class_list":["post-3718","post","type-post","status-publish","format-standard","hentry","category-eso-2","category-general","category-portada","category-tecnologia","tag-sortides"],"post_mailing_queue_ids":[],"_links":{"self":[{"href":"https:\/\/agora.xtec.cat\/iesdelvoltreganes\/wp-json\/wp\/v2\/posts\/3718","targetHints":{"allow":["GET"]}}],"collection":[{"href":"https:\/\/agora.xtec.cat\/iesdelvoltreganes\/wp-json\/wp\/v2\/posts"}],"about":[{"href":"https:\/\/agora.xtec.cat\/iesdelvoltreganes\/wp-json\/wp\/v2\/types\/post"}],"author":[{"embeddable":true,"href":"https:\/\/agora.xtec.cat\/iesdelvoltreganes\/wp-json\/wp\/v2\/users\/6"}],"replies":[{"embeddable":true,"href":"https:\/\/agora.xtec.cat\/iesdelvoltreganes\/wp-json\/wp\/v2\/comments?post=3718"}],"version-history":[{"count":1,"href":"https:\/\/agora.xtec.cat\/iesdelvoltreganes\/wp-json\/wp\/v2\/posts\/3718\/revisions"}],"predecessor-version":[{"id":3720,"href":"https:\/\/agora.xtec.cat\/iesdelvoltreganes\/wp-json\/wp\/v2\/posts\/3718\/revisions\/3720"}],"wp:attachment":[{"href":"https:\/\/agora.xtec.cat\/iesdelvoltreganes\/wp-json\/wp\/v2\/media?parent=3718"}],"wp:term":[{"taxonomy":"category","embeddable":true,"href":"https:\/\/agora.xtec.cat\/iesdelvoltreganes\/wp-json\/wp\/v2\/categories?post=3718"},{"taxonomy":"post_tag","embeddable":true,"href":"https:\/\/agora.xtec.cat\/iesdelvoltreganes\/wp-json\/wp\/v2\/tags?post=3718"}],"curies":[{"name":"wp","href":"https:\/\/api.w.org\/{rel}","templated":true}]}}