{"id":3705,"date":"2019-03-28T12:32:16","date_gmt":"2019-03-28T11:32:16","guid":{"rendered":"http:\/\/agora.xtec.cat\/iesdelvoltreganes\/?p=3705"},"modified":"2019-04-08T15:31:18","modified_gmt":"2019-04-08T13:31:18","slug":"xerrada-amb-antoni-munne-jorda","status":"publish","type":"post","link":"https:\/\/agora.xtec.cat\/iesdelvoltreganes\/general\/xerrada-amb-antoni-munne-jorda\/","title":{"rendered":"Xerrada amb Antoni Munn\u00e9-Jord\u00e0"},"content":{"rendered":"<p>Xerrada amb Antoni Munn\u00e9-Jord\u00e0, autor de \u201cDins el rius, entre els joncs\u201d,\u00a0novel\u00b7la sobre tres catalans a la campanya de la Divisi\u00f3n azul feixista en la guerra dels nazis a R\u00fassia en la II Guerra Mundial.<\/p>\n<p><a href=\"https:\/\/agora.xtec.cat\/iesdelvoltreganes\/wp-content\/uploads\/usu618\/2019\/03\/PHOTO-2019-03-27-13-38-49.jpg\"><img loading=\"lazy\" decoding=\"async\" class=\"alignnone size-medium wp-image-3706\" src=\"https:\/\/agora.xtec.cat\/iesdelvoltreganes\/wp-content\/uploads\/usu618\/2019\/03\/PHOTO-2019-03-27-13-38-49-300x117.jpg\" alt=\"\" width=\"300\" height=\"117\" srcset=\"https:\/\/agora.xtec.cat\/iesdelvoltreganes\/wp-content\/uploads\/usu618\/2019\/03\/PHOTO-2019-03-27-13-38-49-300x117.jpg 300w, https:\/\/agora.xtec.cat\/iesdelvoltreganes\/wp-content\/uploads\/usu618\/2019\/03\/PHOTO-2019-03-27-13-38-49-768x301.jpg 768w, https:\/\/agora.xtec.cat\/iesdelvoltreganes\/wp-content\/uploads\/usu618\/2019\/03\/PHOTO-2019-03-27-13-38-49.jpg 1024w\" sizes=\"auto, (max-width: 300px) 100vw, 300px\" \/><\/a><\/p>\n<div class=\"yj6qo ajU\"><\/div>\n","protected":false},"excerpt":{"rendered":"<p>Xerrada amb Antoni Munn\u00e9-Jord\u00e0, autor de \u201cDins el rius, entre els joncs\u201d,\u00a0novel\u00b7la sobre tres catalans a la campanya de la Divisi\u00f3n azul feixista en la guerra dels nazis a R\u00fassia en la II Guerra Mundial.<br \/>\n<a href=\"https:\/\/agora.xtec.cat\/iesdelvoltreganes\/wp-content\/uploads\/usu618\/2019\/03\/PHOTO-2019-03-27-13-38-49.jpg\"><\/a><\/p>\n","protected":false},"author":6,"featured_media":0,"comment_status":"closed","ping_status":"closed","sticky":false,"template":"","format":"standard","meta":{"_bbp_topic_count":0,"_bbp_reply_count":0,"_bbp_total_topic_count":0,"_bbp_total_reply_count":0,"_bbp_voice_count":0,"_bbp_anonymous_reply_count":0,"_bbp_topic_count_hidden":0,"_bbp_reply_count_hidden":0,"_bbp_forum_subforum_count":0,"footnotes":""},"categories":[81,7,1,72,29],"tags":[82,44],"class_list":["post-3705","post","type-post","status-publish","format-standard","hentry","category-llibres-recomanats","category-eso-4","category-general","category-llengues-i-literatura","category-portada","tag-llibres","tag-xerrades"],"post_mailing_queue_ids":[],"_links":{"self":[{"href":"https:\/\/agora.xtec.cat\/iesdelvoltreganes\/wp-json\/wp\/v2\/posts\/3705","targetHints":{"allow":["GET"]}}],"collection":[{"href":"https:\/\/agora.xtec.cat\/iesdelvoltreganes\/wp-json\/wp\/v2\/posts"}],"about":[{"href":"https:\/\/agora.xtec.cat\/iesdelvoltreganes\/wp-json\/wp\/v2\/types\/post"}],"author":[{"embeddable":true,"href":"https:\/\/agora.xtec.cat\/iesdelvoltreganes\/wp-json\/wp\/v2\/users\/6"}],"replies":[{"embeddable":true,"href":"https:\/\/agora.xtec.cat\/iesdelvoltreganes\/wp-json\/wp\/v2\/comments?post=3705"}],"version-history":[{"count":1,"href":"https:\/\/agora.xtec.cat\/iesdelvoltreganes\/wp-json\/wp\/v2\/posts\/3705\/revisions"}],"predecessor-version":[{"id":3707,"href":"https:\/\/agora.xtec.cat\/iesdelvoltreganes\/wp-json\/wp\/v2\/posts\/3705\/revisions\/3707"}],"wp:attachment":[{"href":"https:\/\/agora.xtec.cat\/iesdelvoltreganes\/wp-json\/wp\/v2\/media?parent=3705"}],"wp:term":[{"taxonomy":"category","embeddable":true,"href":"https:\/\/agora.xtec.cat\/iesdelvoltreganes\/wp-json\/wp\/v2\/categories?post=3705"},{"taxonomy":"post_tag","embeddable":true,"href":"https:\/\/agora.xtec.cat\/iesdelvoltreganes\/wp-json\/wp\/v2\/tags?post=3705"}],"curies":[{"name":"wp","href":"https:\/\/api.w.org\/{rel}","templated":true}]}}