{"id":3678,"date":"2019-03-19T08:52:52","date_gmt":"2019-03-19T07:52:52","guid":{"rendered":"http:\/\/agora.xtec.cat\/iesdelvoltreganes\/?p=3678"},"modified":"2019-03-20T08:53:14","modified_gmt":"2019-03-20T07:53:14","slug":"concurs-de-redaccio-en-catala-2","status":"publish","type":"post","link":"https:\/\/agora.xtec.cat\/iesdelvoltreganes\/general\/concurs-de-redaccio-en-catala-2\/","title":{"rendered":"Concurs de redacci\u00f3 en catal\u00e0"},"content":{"rendered":"<p>El dia 16 de mar\u00e7\u00a0 nou alumnes de 2n d\u2019ESO van participar en el concurs de redacci\u00f3 en catal\u00e0 del Premi Coca-cola a l\u2019Institut Cirvi\u00e0num de Torell\u00f3, juntament amb seixanta alumnes m\u00e9s d\u2019Osona.<br \/>\nLa redacci\u00f3 que van haver de fer havia de contenir el fragment\u00a0de Joan Brossa &#8220;<i>Tinc la riquesa de no voler ser ric&#8221;.<\/i><br \/>\nEsperem que tinguem sort en el veredicte!<\/p>\n<p><a href=\"https:\/\/agora.xtec.cat\/iesdelvoltreganes\/wp-content\/uploads\/usu618\/2019\/03\/coca-cola3.jpg\"><img loading=\"lazy\" decoding=\"async\" class=\"alignnone size-medium wp-image-3681\" src=\"https:\/\/agora.xtec.cat\/iesdelvoltreganes\/wp-content\/uploads\/usu618\/2019\/03\/coca-cola3-300x225.jpg\" alt=\"\" width=\"300\" height=\"225\" srcset=\"https:\/\/agora.xtec.cat\/iesdelvoltreganes\/wp-content\/uploads\/usu618\/2019\/03\/coca-cola3-300x225.jpg 300w, https:\/\/agora.xtec.cat\/iesdelvoltreganes\/wp-content\/uploads\/usu618\/2019\/03\/coca-cola3-768x576.jpg 768w, https:\/\/agora.xtec.cat\/iesdelvoltreganes\/wp-content\/uploads\/usu618\/2019\/03\/coca-cola3-200x150.jpg 200w, https:\/\/agora.xtec.cat\/iesdelvoltreganes\/wp-content\/uploads\/usu618\/2019\/03\/coca-cola3.jpg 896w\" sizes=\"auto, (max-width: 300px) 100vw, 300px\" \/><\/a> <a href=\"https:\/\/agora.xtec.cat\/iesdelvoltreganes\/wp-content\/uploads\/usu618\/2019\/03\/coca-cola2.jpg\"><img loading=\"lazy\" decoding=\"async\" class=\"alignnone size-medium wp-image-3680\" src=\"https:\/\/agora.xtec.cat\/iesdelvoltreganes\/wp-content\/uploads\/usu618\/2019\/03\/coca-cola2-300x225.jpg\" alt=\"\" width=\"300\" height=\"225\" srcset=\"https:\/\/agora.xtec.cat\/iesdelvoltreganes\/wp-content\/uploads\/usu618\/2019\/03\/coca-cola2-300x225.jpg 300w, https:\/\/agora.xtec.cat\/iesdelvoltreganes\/wp-content\/uploads\/usu618\/2019\/03\/coca-cola2-768x576.jpg 768w, https:\/\/agora.xtec.cat\/iesdelvoltreganes\/wp-content\/uploads\/usu618\/2019\/03\/coca-cola2-200x150.jpg 200w, https:\/\/agora.xtec.cat\/iesdelvoltreganes\/wp-content\/uploads\/usu618\/2019\/03\/coca-cola2.jpg 896w\" sizes=\"auto, (max-width: 300px) 100vw, 300px\" \/><\/a> <a href=\"https:\/\/agora.xtec.cat\/iesdelvoltreganes\/wp-content\/uploads\/usu618\/2019\/03\/coca-cola1.jpg\"><img loading=\"lazy\" decoding=\"async\" class=\"alignnone size-medium wp-image-3679\" src=\"https:\/\/agora.xtec.cat\/iesdelvoltreganes\/wp-content\/uploads\/usu618\/2019\/03\/coca-cola1-300x225.jpg\" alt=\"\" width=\"300\" height=\"225\" srcset=\"https:\/\/agora.xtec.cat\/iesdelvoltreganes\/wp-content\/uploads\/usu618\/2019\/03\/coca-cola1-300x225.jpg 300w, https:\/\/agora.xtec.cat\/iesdelvoltreganes\/wp-content\/uploads\/usu618\/2019\/03\/coca-cola1-768x576.jpg 768w, https:\/\/agora.xtec.cat\/iesdelvoltreganes\/wp-content\/uploads\/usu618\/2019\/03\/coca-cola1-200x150.jpg 200w, https:\/\/agora.xtec.cat\/iesdelvoltreganes\/wp-content\/uploads\/usu618\/2019\/03\/coca-cola1.jpg 896w\" sizes=\"auto, (max-width: 300px) 100vw, 300px\" \/><\/a><\/p>\n","protected":false},"excerpt":{"rendered":"<p>El dia 16 de mar\u00e7\u00a0 nou alumnes de 2n d\u2019ESO van participar en el concurs de redacci\u00f3 en catal\u00e0 del Premi Coca-cola a l\u2019Institut Cirvi\u00e0num de Torell\u00f3, juntament amb seixanta alumnes m\u00e9s d\u2019Osona.<br \/>\nLa redacci\u00f3 que van haver de fer havia de contenir el fragment\u00a0de Joan&hellip;  <a href=\"https:\/\/agora.xtec.cat\/iesdelvoltreganes\/general\/concurs-de-redaccio-en-catala-2\/\" title=\"Read Concurs de redacci\u00f3 en catal\u00e0\">Llegeix m\u00e9s\u00bb<\/a><\/p>\n","protected":false},"author":6,"featured_media":0,"comment_status":"closed","ping_status":"closed","sticky":false,"template":"","format":"standard","meta":{"_bbp_topic_count":0,"_bbp_reply_count":0,"_bbp_total_topic_count":0,"_bbp_total_reply_count":0,"_bbp_voice_count":0,"_bbp_anonymous_reply_count":0,"_bbp_topic_count_hidden":0,"_bbp_reply_count_hidden":0,"_bbp_forum_subforum_count":0,"footnotes":""},"categories":[5,1,72,29],"tags":[57],"class_list":["post-3678","post","type-post","status-publish","format-standard","hentry","category-eso-2","category-general","category-llengues-i-literatura","category-portada","tag-expressio-escrita"],"post_mailing_queue_ids":[],"_links":{"self":[{"href":"https:\/\/agora.xtec.cat\/iesdelvoltreganes\/wp-json\/wp\/v2\/posts\/3678","targetHints":{"allow":["GET"]}}],"collection":[{"href":"https:\/\/agora.xtec.cat\/iesdelvoltreganes\/wp-json\/wp\/v2\/posts"}],"about":[{"href":"https:\/\/agora.xtec.cat\/iesdelvoltreganes\/wp-json\/wp\/v2\/types\/post"}],"author":[{"embeddable":true,"href":"https:\/\/agora.xtec.cat\/iesdelvoltreganes\/wp-json\/wp\/v2\/users\/6"}],"replies":[{"embeddable":true,"href":"https:\/\/agora.xtec.cat\/iesdelvoltreganes\/wp-json\/wp\/v2\/comments?post=3678"}],"version-history":[{"count":1,"href":"https:\/\/agora.xtec.cat\/iesdelvoltreganes\/wp-json\/wp\/v2\/posts\/3678\/revisions"}],"predecessor-version":[{"id":3682,"href":"https:\/\/agora.xtec.cat\/iesdelvoltreganes\/wp-json\/wp\/v2\/posts\/3678\/revisions\/3682"}],"wp:attachment":[{"href":"https:\/\/agora.xtec.cat\/iesdelvoltreganes\/wp-json\/wp\/v2\/media?parent=3678"}],"wp:term":[{"taxonomy":"category","embeddable":true,"href":"https:\/\/agora.xtec.cat\/iesdelvoltreganes\/wp-json\/wp\/v2\/categories?post=3678"},{"taxonomy":"post_tag","embeddable":true,"href":"https:\/\/agora.xtec.cat\/iesdelvoltreganes\/wp-json\/wp\/v2\/tags?post=3678"}],"curies":[{"name":"wp","href":"https:\/\/api.w.org\/{rel}","templated":true}]}}