{"id":3641,"date":"2019-02-28T13:09:00","date_gmt":"2019-02-28T12:09:00","guid":{"rendered":"http:\/\/agora.xtec.cat\/iesdelvoltreganes\/?p=3641"},"modified":"2019-03-01T13:11:18","modified_gmt":"2019-03-01T12:11:18","slug":"visita-del-monestir-i-scriptorium-de-ripoll","status":"publish","type":"post","link":"https:\/\/agora.xtec.cat\/iesdelvoltreganes\/general\/visita-del-monestir-i-scriptorium-de-ripoll\/","title":{"rendered":"Visita del monestir i script\u00f2rium de Ripoll"},"content":{"rendered":"<p>L&#8217;alumnat de 2n d&#8217;ESO ha visitat el monestir de Ripoll i el seu script\u00f2rium. D&#8217;aquesta manera, han pogut aprofundir en com s&#8217;organitzava el territori de la Marca Hisp\u00e0nica i en com vivia la societat medieval. Tamb\u00e9 han conegut d&#8217;aprop els detalls d&#8217;una de les peces d&#8217;art rom\u00e0nic m\u00e9s impoortants d&#8217;Europa i a m\u00e9s a m\u00e9s, s&#8217;han adonat de les dificultats de la cal\u00b7ligrafia carol\u00edngia tot confeccionant un punt de llibre. Un mat\u00ed ben aprofitat!<\/p>\n<figure class=\"figure wp-caption alignnone\"><a href=\"https:\/\/photos.app.goo.gl\/a4m1qCUcZZELiDBQ9\" target=\"_blank\" rel=\"noopener\"><img loading=\"lazy\" decoding=\"async\" class=\"wp-image-3642 size-medium\" src=\"https:\/\/agora.xtec.cat\/iesdelvoltreganes\/wp-content\/uploads\/usu618\/2019\/03\/IMG_20190227_114216-300x225.jpg\" alt=\"\" width=\"300\" height=\"225\" srcset=\"https:\/\/agora.xtec.cat\/iesdelvoltreganes\/wp-content\/uploads\/usu618\/2019\/03\/IMG_20190227_114216-300x225.jpg 300w, https:\/\/agora.xtec.cat\/iesdelvoltreganes\/wp-content\/uploads\/usu618\/2019\/03\/IMG_20190227_114216-768x576.jpg 768w, https:\/\/agora.xtec.cat\/iesdelvoltreganes\/wp-content\/uploads\/usu618\/2019\/03\/IMG_20190227_114216-1024x768.jpg 1024w, https:\/\/agora.xtec.cat\/iesdelvoltreganes\/wp-content\/uploads\/usu618\/2019\/03\/IMG_20190227_114216-200x150.jpg 200w\" sizes=\"auto, (max-width: 300px) 100vw, 300px\" \/><\/a><figcaption class=\"wp-caption-text\">sdr<\/figcaption><\/figure>\n","protected":false},"excerpt":{"rendered":"<p>L&#8217;alumnat de 2n d&#8217;ESO ha visitat el monestir de Ripoll i el seu script\u00f2rium. D&#8217;aquesta manera, han pogut aprofundir en com s&#8217;organitzava el territori de la Marca Hisp\u00e0nica i en com vivia la societat medieval. Tamb\u00e9 han conegut d&#8217;aprop els detalls d&#8217;una de les peces&hellip;  <a href=\"https:\/\/agora.xtec.cat\/iesdelvoltreganes\/general\/visita-del-monestir-i-scriptorium-de-ripoll\/\" title=\"Read Visita del monestir i script\u00f2rium de Ripoll\">Llegeix m\u00e9s\u00bb<\/a><\/p>\n","protected":false},"author":6,"featured_media":0,"comment_status":"closed","ping_status":"closed","sticky":false,"template":"","format":"standard","meta":{"_bbp_topic_count":0,"_bbp_reply_count":0,"_bbp_total_topic_count":0,"_bbp_total_reply_count":0,"_bbp_voice_count":0,"_bbp_anonymous_reply_count":0,"_bbp_topic_count_hidden":0,"_bbp_reply_count_hidden":0,"_bbp_forum_subforum_count":0,"footnotes":""},"categories":[66,5,1,29],"tags":[39],"class_list":["post-3641","post","type-post","status-publish","format-standard","hentry","category-ciencies-socials","category-eso-2","category-general","category-portada","tag-sortides"],"post_mailing_queue_ids":[],"_links":{"self":[{"href":"https:\/\/agora.xtec.cat\/iesdelvoltreganes\/wp-json\/wp\/v2\/posts\/3641","targetHints":{"allow":["GET"]}}],"collection":[{"href":"https:\/\/agora.xtec.cat\/iesdelvoltreganes\/wp-json\/wp\/v2\/posts"}],"about":[{"href":"https:\/\/agora.xtec.cat\/iesdelvoltreganes\/wp-json\/wp\/v2\/types\/post"}],"author":[{"embeddable":true,"href":"https:\/\/agora.xtec.cat\/iesdelvoltreganes\/wp-json\/wp\/v2\/users\/6"}],"replies":[{"embeddable":true,"href":"https:\/\/agora.xtec.cat\/iesdelvoltreganes\/wp-json\/wp\/v2\/comments?post=3641"}],"version-history":[{"count":2,"href":"https:\/\/agora.xtec.cat\/iesdelvoltreganes\/wp-json\/wp\/v2\/posts\/3641\/revisions"}],"predecessor-version":[{"id":3644,"href":"https:\/\/agora.xtec.cat\/iesdelvoltreganes\/wp-json\/wp\/v2\/posts\/3641\/revisions\/3644"}],"wp:attachment":[{"href":"https:\/\/agora.xtec.cat\/iesdelvoltreganes\/wp-json\/wp\/v2\/media?parent=3641"}],"wp:term":[{"taxonomy":"category","embeddable":true,"href":"https:\/\/agora.xtec.cat\/iesdelvoltreganes\/wp-json\/wp\/v2\/categories?post=3641"},{"taxonomy":"post_tag","embeddable":true,"href":"https:\/\/agora.xtec.cat\/iesdelvoltreganes\/wp-json\/wp\/v2\/tags?post=3641"}],"curies":[{"name":"wp","href":"https:\/\/api.w.org\/{rel}","templated":true}]}}