{"id":3636,"date":"2019-02-21T12:44:32","date_gmt":"2019-02-21T11:44:32","guid":{"rendered":"http:\/\/agora.xtec.cat\/iesdelvoltreganes\/?p=3636"},"modified":"2019-03-01T12:51:58","modified_gmt":"2019-03-01T11:51:58","slug":"xerrada-de-maria-carme-roca-sobre-el-llibre-barcino","status":"publish","type":"post","link":"https:\/\/agora.xtec.cat\/iesdelvoltreganes\/general\/xerrada-de-maria-carme-roca-sobre-el-llibre-barcino\/","title":{"rendered":"Xerrada de Maria Carme Roca sobre el llibre Barcino"},"content":{"rendered":"<p>El dia 20 de febrer ens va visitar Maria Carme Roca, que va fer una xerrada als alumnes de Cultura cl\u00e0ssica de 3r d\u2019ESO i de Llat\u00ed de 4t d\u2019ESO, de 1r de batxillerat i de 2n de batxillerat, que havien llegit\u00a0<i>Barcino<\/i>, una novel\u00b7la ambientada a la Barcelona romana de fa divuit segles. Maria Carme Roca \u00e9s una escriptora molt prol\u00edfica (ha publicat 58 obres) i premiada (per exemple, \u00e9s la guanyadora de l\u2019\u00faltima edici\u00f3 del Premi Prudenci Bertrana de novel\u00b7la).<\/p>\n<p><a href=\"https:\/\/agora.xtec.cat\/iesdelvoltreganes\/wp-content\/uploads\/usu618\/2019\/03\/Maria-Carme-Roca-3.jpg\"><img loading=\"lazy\" decoding=\"async\" class=\"alignnone size-medium wp-image-3637\" src=\"https:\/\/agora.xtec.cat\/iesdelvoltreganes\/wp-content\/uploads\/usu618\/2019\/03\/Maria-Carme-Roca-3-300x169.jpg\" alt=\"\" width=\"300\" height=\"169\" srcset=\"https:\/\/agora.xtec.cat\/iesdelvoltreganes\/wp-content\/uploads\/usu618\/2019\/03\/Maria-Carme-Roca-3-300x169.jpg 300w, https:\/\/agora.xtec.cat\/iesdelvoltreganes\/wp-content\/uploads\/usu618\/2019\/03\/Maria-Carme-Roca-3-768x432.jpg 768w, https:\/\/agora.xtec.cat\/iesdelvoltreganes\/wp-content\/uploads\/usu618\/2019\/03\/Maria-Carme-Roca-3-1024x576.jpg 1024w, https:\/\/agora.xtec.cat\/iesdelvoltreganes\/wp-content\/uploads\/usu618\/2019\/03\/Maria-Carme-Roca-3.jpg 1512w\" sizes=\"auto, (max-width: 300px) 100vw, 300px\" \/><\/a> <a href=\"https:\/\/agora.xtec.cat\/iesdelvoltreganes\/wp-content\/uploads\/usu618\/2019\/03\/foto-2-Maria-Carme-Roca.jpg\"><img loading=\"lazy\" decoding=\"async\" class=\"alignnone size-medium wp-image-3638\" src=\"https:\/\/agora.xtec.cat\/iesdelvoltreganes\/wp-content\/uploads\/usu618\/2019\/03\/foto-2-Maria-Carme-Roca-300x169.jpg\" alt=\"\" width=\"300\" height=\"169\" srcset=\"https:\/\/agora.xtec.cat\/iesdelvoltreganes\/wp-content\/uploads\/usu618\/2019\/03\/foto-2-Maria-Carme-Roca-300x169.jpg 300w, https:\/\/agora.xtec.cat\/iesdelvoltreganes\/wp-content\/uploads\/usu618\/2019\/03\/foto-2-Maria-Carme-Roca-768x432.jpg 768w, https:\/\/agora.xtec.cat\/iesdelvoltreganes\/wp-content\/uploads\/usu618\/2019\/03\/foto-2-Maria-Carme-Roca-1024x576.jpg 1024w, https:\/\/agora.xtec.cat\/iesdelvoltreganes\/wp-content\/uploads\/usu618\/2019\/03\/foto-2-Maria-Carme-Roca.jpg 1512w\" sizes=\"auto, (max-width: 300px) 100vw, 300px\" \/><\/a> <a href=\"https:\/\/agora.xtec.cat\/iesdelvoltreganes\/wp-content\/uploads\/usu618\/2019\/03\/foto-1-Maria-Carme-Roca.jpg\"><img loading=\"lazy\" decoding=\"async\" class=\"alignnone size-medium wp-image-3639\" src=\"https:\/\/agora.xtec.cat\/iesdelvoltreganes\/wp-content\/uploads\/usu618\/2019\/03\/foto-1-Maria-Carme-Roca-300x225.jpg\" alt=\"\" width=\"300\" height=\"225\" srcset=\"https:\/\/agora.xtec.cat\/iesdelvoltreganes\/wp-content\/uploads\/usu618\/2019\/03\/foto-1-Maria-Carme-Roca-300x225.jpg 300w, https:\/\/agora.xtec.cat\/iesdelvoltreganes\/wp-content\/uploads\/usu618\/2019\/03\/foto-1-Maria-Carme-Roca-768x576.jpg 768w, https:\/\/agora.xtec.cat\/iesdelvoltreganes\/wp-content\/uploads\/usu618\/2019\/03\/foto-1-Maria-Carme-Roca-1024x768.jpg 1024w, https:\/\/agora.xtec.cat\/iesdelvoltreganes\/wp-content\/uploads\/usu618\/2019\/03\/foto-1-Maria-Carme-Roca-200x150.jpg 200w, https:\/\/agora.xtec.cat\/iesdelvoltreganes\/wp-content\/uploads\/usu618\/2019\/03\/foto-1-Maria-Carme-Roca.jpg 2048w\" sizes=\"auto, (max-width: 300px) 100vw, 300px\" \/><\/a><\/p>\n","protected":false},"excerpt":{"rendered":"<p>El dia 20 de febrer ens va visitar Maria Carme Roca, que va fer una xerrada als alumnes de Cultura cl\u00e0ssica de 3r d\u2019ESO i de Llat\u00ed de 4t d\u2019ESO, de 1r de batxillerat i de 2n de batxillerat, que havien llegit\u00a0Barcino, una novel\u00b7la ambientada&hellip;  <a href=\"https:\/\/agora.xtec.cat\/iesdelvoltreganes\/general\/xerrada-de-maria-carme-roca-sobre-el-llibre-barcino\/\" title=\"Read Xerrada de Maria Carme Roca sobre el llibre Barcino\">Llegeix m\u00e9s\u00bb<\/a><\/p>\n","protected":false},"author":6,"featured_media":0,"comment_status":"closed","ping_status":"closed","sticky":false,"template":"","format":"standard","meta":{"_bbp_topic_count":0,"_bbp_reply_count":0,"_bbp_total_topic_count":0,"_bbp_total_reply_count":0,"_bbp_voice_count":0,"_bbp_anonymous_reply_count":0,"_bbp_topic_count_hidden":0,"_bbp_reply_count_hidden":0,"_bbp_forum_subforum_count":0,"footnotes":""},"categories":[8,6,7,1,70,29],"tags":[44],"class_list":["post-3636","post","type-post","status-publish","format-standard","hentry","category-batxillerat","category-eso-3","category-eso-4","category-general","category-llati","category-portada","tag-xerrades"],"post_mailing_queue_ids":[],"_links":{"self":[{"href":"https:\/\/agora.xtec.cat\/iesdelvoltreganes\/wp-json\/wp\/v2\/posts\/3636","targetHints":{"allow":["GET"]}}],"collection":[{"href":"https:\/\/agora.xtec.cat\/iesdelvoltreganes\/wp-json\/wp\/v2\/posts"}],"about":[{"href":"https:\/\/agora.xtec.cat\/iesdelvoltreganes\/wp-json\/wp\/v2\/types\/post"}],"author":[{"embeddable":true,"href":"https:\/\/agora.xtec.cat\/iesdelvoltreganes\/wp-json\/wp\/v2\/users\/6"}],"replies":[{"embeddable":true,"href":"https:\/\/agora.xtec.cat\/iesdelvoltreganes\/wp-json\/wp\/v2\/comments?post=3636"}],"version-history":[{"count":1,"href":"https:\/\/agora.xtec.cat\/iesdelvoltreganes\/wp-json\/wp\/v2\/posts\/3636\/revisions"}],"predecessor-version":[{"id":3640,"href":"https:\/\/agora.xtec.cat\/iesdelvoltreganes\/wp-json\/wp\/v2\/posts\/3636\/revisions\/3640"}],"wp:attachment":[{"href":"https:\/\/agora.xtec.cat\/iesdelvoltreganes\/wp-json\/wp\/v2\/media?parent=3636"}],"wp:term":[{"taxonomy":"category","embeddable":true,"href":"https:\/\/agora.xtec.cat\/iesdelvoltreganes\/wp-json\/wp\/v2\/categories?post=3636"},{"taxonomy":"post_tag","embeddable":true,"href":"https:\/\/agora.xtec.cat\/iesdelvoltreganes\/wp-json\/wp\/v2\/tags?post=3636"}],"curies":[{"name":"wp","href":"https:\/\/api.w.org\/{rel}","templated":true}]}}