{"id":3617,"date":"2019-02-24T16:22:54","date_gmt":"2019-02-24T15:22:54","guid":{"rendered":"http:\/\/agora.xtec.cat\/iesdelvoltreganes\/?p=3617"},"modified":"2019-02-24T16:22:54","modified_gmt":"2019-02-24T15:22:54","slug":"marcus-chown","status":"publish","type":"post","link":"https:\/\/agora.xtec.cat\/iesdelvoltreganes\/general\/marcus-chown\/","title":{"rendered":"Marcus Chown"},"content":{"rendered":"<p>Marcus Chown<br \/>\n<em>Gravedad. <\/em><em>Una historia de la fuerza que lo explica todo<\/em><br \/>\nBlackie Books<\/p>\n<p><a href=\"https:\/\/agora.xtec.cat\/iesdelvoltreganes\/wp-content\/uploads\/usu618\/2019\/02\/\u00edndex.jpg\"><img loading=\"lazy\" decoding=\"async\" class=\"alignnone size-full wp-image-3618\" src=\"https:\/\/agora.xtec.cat\/iesdelvoltreganes\/wp-content\/uploads\/usu618\/2019\/02\/\u00edndex.jpg\" alt=\"\" width=\"184\" height=\"273\" \/><\/a><\/p>\n<p>Un libre apassionant!<\/p>\n<p>Parla de Newton, un geni; i dels seus principis matem\u00e0tics de la filosofia natural, que expliquen el m\u00f3n per primera vegada en els termes de for\u00e7a, massa i velocitat.<br \/>\nA partir d&#8217;aquests principis s&#8217;explica que la Lluna est\u00e0 caient constantment en cercle sobre la Terra, i es demostra que alhora se n&#8217;est\u00e0 allunyant 3,8 cm.<br \/>\nTamb\u00e9 gr\u00e0cies a Newton, abans que Nept\u00fa fos vist per primera vegada ja s&#8217;havia predit que existia i a quin lloc del firmament es podria veure.<br \/>\nEn aquest llibre s&#8217;aprenen coses incre\u00efbles: que des de la Terra i amb instruments d&#8217;alta sensibilitat es pot detectar que el Sol oscil\u00b7la una mica per l&#8217;atracci\u00f3 dels planetes sobre ell! O que mesurant diferents velocitats d&#8217;acostament i d&#8217;allunyament d&#8217;estrelles, s&#8217;infereix l&#8217;exist\u00e8ncia d&#8217;uns planetes invisibles. Aix\u00ed s&#8217;han descobert m\u00e9s de 2.000 planetes des de l&#8217;any 1990.<br \/>\nAmb humor s&#8217;explica que el m\u00fasic apassionat per l&#8217;astronomia que va descobrir Ur\u00e0 li va posar el nom de Jordi en honor al rei Jordi III d&#8217;Anglaterra. Si el nom s&#8217;hagu\u00e9s mantingut &#8220;avui tindr\u00edem Mercuri, Venus, la Terra, Mart, J\u00fapiter, Saturn &#8230; i Jordi&#8221;.<br \/>\nHe quedat parada de saber que Europa, sat\u00e8l\u00b7lit de J\u00fapiter, \u00e9s una capa de 10 quil\u00f2metres de gel que envolta un oce\u00e0 de 100 quil\u00f2metres de profunditat. Es veu que \u00e9s l&#8217;objecte del sistema solar que t\u00e9 m\u00e9s possibilitats d&#8217;albergar vida. L&#8217;autor diu que seria genial poder enviar -cosa impossible amb la tecnologia actual- un vehicle que perfor\u00e9s un forat al gel i arrib\u00e9s a l&#8217;oce\u00e0 per treure&#8217;n mostres i veure si hi ha bacteris (a la terra hi ha bacteris que obtenen l&#8217;energia de compostos de sofre, no d&#8217;oxigen).<br \/>\nActualment s&#8217;est\u00e0 construint a Xile el Gran Telescopi per a Rastrejos Sin\u00f2ptics, una esp\u00e8cie d&#8217;antitelescopi que \u00e9s capa\u00e7 de generar imatges de la foscor gr\u00e0cies a la llum que capta!!!<br \/>\nEl llibre parla tamb\u00e9 de la &#8220;massa amagada&#8221; per explicar que les estrelles &#8220;en espirals&#8221; no surtin volant a l&#8217;espai intergal\u00e0ctic, perqu\u00e8 estan subjectes a la gravetat de mat\u00e8ria que no \u00e9s visible a trav\u00e9s d&#8217;un telescopi.<\/p>\n<p>I tot aix\u00f2 abans de parlar d&#8217;Einstein&#8230; Einstein va demostrar que res pot despla\u00e7ar-se a una velocitat m\u00e9s gran que la de la llum, i que aix\u00f2 \u00e9s incompatible amb la llei de la gravetat de Newton!<\/p>\n<p>Quins\u00a0 cracks!!!<\/p>\n<p>Empar Barcons<\/p>\n<p>&nbsp;<\/p>\n","protected":false},"excerpt":{"rendered":"<p>Marcus Chown<br \/>\nGravedad. Una historia de la fuerza que lo explica todo<br \/>\nBlackie Books<br \/>\n<a href=\"https:\/\/agora.xtec.cat\/iesdelvoltreganes\/wp-content\/uploads\/usu618\/2019\/02\/\u00edndex.jpg\"><\/a><br \/>\nUn libre apassionant!<br \/>\nParla de Newton, un geni; i dels seus principis matem\u00e0tics de la filosofia natural, que expliquen el m\u00f3n per primera vegada en els termes de for\u00e7a, massa i velocitat.<br \/>\nA partir d&#8217;aquests&hellip;  <a href=\"https:\/\/agora.xtec.cat\/iesdelvoltreganes\/general\/marcus-chown\/\" title=\"Read Marcus Chown\">Llegeix m\u00e9s\u00bb<\/a><\/p>\n","protected":false},"author":6,"featured_media":0,"comment_status":"closed","ping_status":"closed","sticky":false,"template":"","format":"standard","meta":{"_bbp_topic_count":0,"_bbp_reply_count":0,"_bbp_total_topic_count":0,"_bbp_total_reply_count":0,"_bbp_voice_count":0,"_bbp_anonymous_reply_count":0,"_bbp_topic_count_hidden":0,"_bbp_reply_count_hidden":0,"_bbp_forum_subforum_count":0,"footnotes":""},"categories":[81,1],"tags":[82],"class_list":["post-3617","post","type-post","status-publish","format-standard","hentry","category-llibres-recomanats","category-general","tag-llibres"],"post_mailing_queue_ids":[],"_links":{"self":[{"href":"https:\/\/agora.xtec.cat\/iesdelvoltreganes\/wp-json\/wp\/v2\/posts\/3617","targetHints":{"allow":["GET"]}}],"collection":[{"href":"https:\/\/agora.xtec.cat\/iesdelvoltreganes\/wp-json\/wp\/v2\/posts"}],"about":[{"href":"https:\/\/agora.xtec.cat\/iesdelvoltreganes\/wp-json\/wp\/v2\/types\/post"}],"author":[{"embeddable":true,"href":"https:\/\/agora.xtec.cat\/iesdelvoltreganes\/wp-json\/wp\/v2\/users\/6"}],"replies":[{"embeddable":true,"href":"https:\/\/agora.xtec.cat\/iesdelvoltreganes\/wp-json\/wp\/v2\/comments?post=3617"}],"version-history":[{"count":2,"href":"https:\/\/agora.xtec.cat\/iesdelvoltreganes\/wp-json\/wp\/v2\/posts\/3617\/revisions"}],"predecessor-version":[{"id":3620,"href":"https:\/\/agora.xtec.cat\/iesdelvoltreganes\/wp-json\/wp\/v2\/posts\/3617\/revisions\/3620"}],"wp:attachment":[{"href":"https:\/\/agora.xtec.cat\/iesdelvoltreganes\/wp-json\/wp\/v2\/media?parent=3617"}],"wp:term":[{"taxonomy":"category","embeddable":true,"href":"https:\/\/agora.xtec.cat\/iesdelvoltreganes\/wp-json\/wp\/v2\/categories?post=3617"},{"taxonomy":"post_tag","embeddable":true,"href":"https:\/\/agora.xtec.cat\/iesdelvoltreganes\/wp-json\/wp\/v2\/tags?post=3617"}],"curies":[{"name":"wp","href":"https:\/\/api.w.org\/{rel}","templated":true}]}}