{"id":3613,"date":"2019-02-22T16:09:40","date_gmt":"2019-02-22T15:09:40","guid":{"rendered":"http:\/\/agora.xtec.cat\/iesdelvoltreganes\/?p=3613"},"modified":"2019-02-22T16:21:38","modified_gmt":"2019-02-22T15:21:38","slug":"els-alumnes-de-1r-deso-han-visitat-el-mmaca","status":"publish","type":"post","link":"https:\/\/agora.xtec.cat\/iesdelvoltreganes\/general\/els-alumnes-de-1r-deso-han-visitat-el-mmaca\/","title":{"rendered":"Els alumnes de 1r d&#8217;ESO han visitat el MMACA"},"content":{"rendered":"<p>Els alumnes de 1r d&#8217;ESO han visitat el Museu de les Matem\u00e0tiques de Catalunya (MMACA) a Cornell\u00e0 de Llobregat. Han pogut jugar tot practicant matem\u00e0tiques.<\/p>\n<p>Primer han estat a l&#8217;exposici\u00f3\u00a0<strong>EXPERI\u00c8NCIES MATEM\u00c0TIQUES <\/strong>situada a la segona planta del Palau Mercader dins el\u00a0parc de Can Mercader, una\u00a0gran zona verda\u00a0enjardinada. Despr\u00e9s en aquest parc han fet una gimcana matem\u00e0tica.<\/p>\n<p>.<a href=\"https:\/\/photos.app.goo.gl\/SUZnErBJB6Lyq1xo7\" target=\"_blank\" rel=\"noopener\"><img loading=\"lazy\" decoding=\"async\" class=\"alignnone wp-image-3614 size-medium\" src=\"https:\/\/agora.xtec.cat\/iesdelvoltreganes\/wp-content\/uploads\/usu618\/2019\/02\/P1200822-300x169.jpg\" alt=\"\" width=\"300\" height=\"169\" srcset=\"https:\/\/agora.xtec.cat\/iesdelvoltreganes\/wp-content\/uploads\/usu618\/2019\/02\/P1200822-300x169.jpg 300w, https:\/\/agora.xtec.cat\/iesdelvoltreganes\/wp-content\/uploads\/usu618\/2019\/02\/P1200822-768x432.jpg 768w, https:\/\/agora.xtec.cat\/iesdelvoltreganes\/wp-content\/uploads\/usu618\/2019\/02\/P1200822-1024x576.jpg 1024w, https:\/\/agora.xtec.cat\/iesdelvoltreganes\/wp-content\/uploads\/usu618\/2019\/02\/P1200822.jpg 1920w\" sizes=\"auto, (max-width: 300px) 100vw, 300px\" \/><\/a><\/p>\n","protected":false},"excerpt":{"rendered":"<p>Els alumnes de 1r d&#8217;ESO han visitat el Museu de les Matem\u00e0tiques de Catalunya (MMACA) a Cornell\u00e0 de Llobregat. Han pogut jugar tot practicant matem\u00e0tiques.<br \/>\nPrimer han estat a l&#8217;exposici\u00f3\u00a0EXPERI\u00c8NCIES MATEM\u00c0TIQUES situada a la segona planta del Palau Mercader dins el\u00a0parc de Can Mercader, una\u00a0gran zona&hellip;  <a href=\"https:\/\/agora.xtec.cat\/iesdelvoltreganes\/general\/els-alumnes-de-1r-deso-han-visitat-el-mmaca\/\" title=\"Read Els alumnes de 1r d&#8217;ESO han visitat el MMACA\">Llegeix m\u00e9s\u00bb<\/a><\/p>\n","protected":false},"author":6,"featured_media":0,"comment_status":"closed","ping_status":"closed","sticky":false,"template":"","format":"standard","meta":{"_bbp_topic_count":0,"_bbp_reply_count":0,"_bbp_total_topic_count":0,"_bbp_total_reply_count":0,"_bbp_voice_count":0,"_bbp_anonymous_reply_count":0,"_bbp_topic_count_hidden":0,"_bbp_reply_count_hidden":0,"_bbp_forum_subforum_count":0,"footnotes":""},"categories":[4,1,73,29],"tags":[41,39],"class_list":["post-3613","post","type-post","status-publish","format-standard","hentry","category-eso-1","category-general","category-matematiques","category-portada","tag-matematiques","tag-sortides"],"post_mailing_queue_ids":[],"_links":{"self":[{"href":"https:\/\/agora.xtec.cat\/iesdelvoltreganes\/wp-json\/wp\/v2\/posts\/3613","targetHints":{"allow":["GET"]}}],"collection":[{"href":"https:\/\/agora.xtec.cat\/iesdelvoltreganes\/wp-json\/wp\/v2\/posts"}],"about":[{"href":"https:\/\/agora.xtec.cat\/iesdelvoltreganes\/wp-json\/wp\/v2\/types\/post"}],"author":[{"embeddable":true,"href":"https:\/\/agora.xtec.cat\/iesdelvoltreganes\/wp-json\/wp\/v2\/users\/6"}],"replies":[{"embeddable":true,"href":"https:\/\/agora.xtec.cat\/iesdelvoltreganes\/wp-json\/wp\/v2\/comments?post=3613"}],"version-history":[{"count":2,"href":"https:\/\/agora.xtec.cat\/iesdelvoltreganes\/wp-json\/wp\/v2\/posts\/3613\/revisions"}],"predecessor-version":[{"id":3616,"href":"https:\/\/agora.xtec.cat\/iesdelvoltreganes\/wp-json\/wp\/v2\/posts\/3613\/revisions\/3616"}],"wp:attachment":[{"href":"https:\/\/agora.xtec.cat\/iesdelvoltreganes\/wp-json\/wp\/v2\/media?parent=3613"}],"wp:term":[{"taxonomy":"category","embeddable":true,"href":"https:\/\/agora.xtec.cat\/iesdelvoltreganes\/wp-json\/wp\/v2\/categories?post=3613"},{"taxonomy":"post_tag","embeddable":true,"href":"https:\/\/agora.xtec.cat\/iesdelvoltreganes\/wp-json\/wp\/v2\/tags?post=3613"}],"curies":[{"name":"wp","href":"https:\/\/api.w.org\/{rel}","templated":true}]}}