{"id":3554,"date":"2019-02-01T10:23:16","date_gmt":"2019-02-01T09:23:16","guid":{"rendered":"http:\/\/agora.xtec.cat\/iesdelvoltreganes\/?p=3554"},"modified":"2019-02-01T12:46:44","modified_gmt":"2019-02-01T11:46:44","slug":"sortida-al-cim-de-les-aligues","status":"publish","type":"post","link":"https:\/\/agora.xtec.cat\/iesdelvoltreganes\/general\/sortida-al-cim-de-les-aligues\/","title":{"rendered":"Sortida al cim d&#8217;\u00c0ligues"},"content":{"rendered":"<p><a href=\"https:\/\/photos.app.goo.gl\/KvfSoVrmhM6t5rvV8\" target=\"_blank\" rel=\"noopener\"><img loading=\"lazy\" decoding=\"async\" class=\"alignnone wp-image-3555 size-medium\" src=\"https:\/\/agora.xtec.cat\/iesdelvoltreganes\/wp-content\/uploads\/usu618\/2019\/02\/IMG_20190130_180538-191x300.jpg\" alt=\"\" width=\"191\" height=\"300\" srcset=\"https:\/\/agora.xtec.cat\/iesdelvoltreganes\/wp-content\/uploads\/usu618\/2019\/02\/IMG_20190130_180538-191x300.jpg 191w, https:\/\/agora.xtec.cat\/iesdelvoltreganes\/wp-content\/uploads\/usu618\/2019\/02\/IMG_20190130_180538-768x1209.jpg 768w, https:\/\/agora.xtec.cat\/iesdelvoltreganes\/wp-content\/uploads\/usu618\/2019\/02\/IMG_20190130_180538-650x1024.jpg 650w, https:\/\/agora.xtec.cat\/iesdelvoltreganes\/wp-content\/uploads\/usu618\/2019\/02\/IMG_20190130_180538.jpg 1321w\" sizes=\"auto, (max-width: 191px) 100vw, 191px\" \/><\/a><\/p>\n<p>Els alumnes de 1r d\u2019ESO v\u00e0rem fer una sortida al Cim d&#8217;\u00c0ligues, on vam aprendre moltes coses sobre la biologia, l\u2019ecologia i la conservaci\u00f3 de les aus rapinyaires, i tamb\u00e9 sobre els h\u00e0bitats naturals on viuen. Vam tenir l\u2019oportunitat de veure de ben a prop algunes rapinyaires de casa nostra, com el voltor, l\u2019\u00e0liga daurada o l\u2019aufrany. I d\u2019altres de llocs ben llunyans, com el secretari o el gamar\u00fas de Lap\u00f2nia. El que m\u00e9s ens va agradar va ser poder gaudir dels seus vols majestuosos.<\/p>\n","protected":false},"excerpt":{"rendered":"<p><a href=\"https:\/\/photos.app.goo.gl\/KvfSoVrmhM6t5rvV8\" target=\"_blank\" rel=\"noopener\"><\/a><br \/>\nEls alumnes de 1r d\u2019ESO v\u00e0rem fer una sortida al Cim d&#8217;\u00c0ligues, on vam aprendre moltes coses sobre la biologia, l\u2019ecologia i la conservaci\u00f3 de les aus rapinyaires, i tamb\u00e9 sobre els h\u00e0bitats naturals on viuen. Vam tenir l\u2019oportunitat de veure de&hellip;  <a href=\"https:\/\/agora.xtec.cat\/iesdelvoltreganes\/general\/sortida-al-cim-de-les-aligues\/\" title=\"Read Sortida al cim d&#8217;\u00c0ligues\">Llegeix m\u00e9s\u00bb<\/a><\/p>\n","protected":false},"author":6,"featured_media":0,"comment_status":"closed","ping_status":"closed","sticky":false,"template":"","format":"standard","meta":{"_bbp_topic_count":0,"_bbp_reply_count":0,"_bbp_total_topic_count":0,"_bbp_total_reply_count":0,"_bbp_voice_count":0,"_bbp_anonymous_reply_count":0,"_bbp_topic_count_hidden":0,"_bbp_reply_count_hidden":0,"_bbp_forum_subforum_count":0,"footnotes":""},"categories":[65,4,1,29],"tags":[39],"class_list":["post-3554","post","type-post","status-publish","format-standard","hentry","category-ciencies-experimentals","category-eso-1","category-general","category-portada","tag-sortides"],"post_mailing_queue_ids":[],"_links":{"self":[{"href":"https:\/\/agora.xtec.cat\/iesdelvoltreganes\/wp-json\/wp\/v2\/posts\/3554","targetHints":{"allow":["GET"]}}],"collection":[{"href":"https:\/\/agora.xtec.cat\/iesdelvoltreganes\/wp-json\/wp\/v2\/posts"}],"about":[{"href":"https:\/\/agora.xtec.cat\/iesdelvoltreganes\/wp-json\/wp\/v2\/types\/post"}],"author":[{"embeddable":true,"href":"https:\/\/agora.xtec.cat\/iesdelvoltreganes\/wp-json\/wp\/v2\/users\/6"}],"replies":[{"embeddable":true,"href":"https:\/\/agora.xtec.cat\/iesdelvoltreganes\/wp-json\/wp\/v2\/comments?post=3554"}],"version-history":[{"count":2,"href":"https:\/\/agora.xtec.cat\/iesdelvoltreganes\/wp-json\/wp\/v2\/posts\/3554\/revisions"}],"predecessor-version":[{"id":3561,"href":"https:\/\/agora.xtec.cat\/iesdelvoltreganes\/wp-json\/wp\/v2\/posts\/3554\/revisions\/3561"}],"wp:attachment":[{"href":"https:\/\/agora.xtec.cat\/iesdelvoltreganes\/wp-json\/wp\/v2\/media?parent=3554"}],"wp:term":[{"taxonomy":"category","embeddable":true,"href":"https:\/\/agora.xtec.cat\/iesdelvoltreganes\/wp-json\/wp\/v2\/categories?post=3554"},{"taxonomy":"post_tag","embeddable":true,"href":"https:\/\/agora.xtec.cat\/iesdelvoltreganes\/wp-json\/wp\/v2\/tags?post=3554"}],"curies":[{"name":"wp","href":"https:\/\/api.w.org\/{rel}","templated":true}]}}