{"id":3544,"date":"2019-01-29T10:04:54","date_gmt":"2019-01-29T09:04:54","guid":{"rendered":"http:\/\/agora.xtec.cat\/iesdelvoltreganes\/?p=3544"},"modified":"2019-02-14T12:38:20","modified_gmt":"2019-02-14T11:38:20","slug":"avaluacio-educacio-secundaria-obligatoria-4t-deso","status":"publish","type":"post","link":"https:\/\/agora.xtec.cat\/iesdelvoltreganes\/general\/avaluacio-educacio-secundaria-obligatoria-4t-deso\/","title":{"rendered":"Avaluaci\u00f3 educaci\u00f3 secund\u00e0ria obligat\u00f2ria 4t d\u2019ESO, 13 i 14 de febrer de 2019"},"content":{"rendered":"<p><a href=\"https:\/\/drive.google.com\/file\/d\/1H_c1iGKN0QRfgfJUlILa4GPpr_653HTE\/view?usp=sharing\" target=\"_blank\" rel=\"noopener\">Canvis a les proves 4t d&#8217;ESO<\/a><\/p>\n<p><a href=\"https:\/\/drive.google.com\/file\/d\/1FaVp77cc1uOtkJCcWb02WhQfrI_xHmZK\/view?usp=sharing\" target=\"_blank\" rel=\"noopener\">Informaci\u00f3 per a l&#8217;estudiant\u00a0<\/a><br \/>\n<a href=\"https:\/\/drive.google.com\/file\/d\/1ah4eaMdbXAzi9c4jRinH7SZeVkhw3CVQ\/view?usp=sharing\" target=\"_blank\" rel=\"noopener\">Informaci\u00f3 per a les fam\u00edlies<\/a><\/p>\n","protected":false},"excerpt":{"rendered":"<p><a href=\"https:\/\/drive.google.com\/file\/d\/1H_c1iGKN0QRfgfJUlILa4GPpr_653HTE\/view?usp=sharing\" target=\"_blank\" rel=\"noopener\">Canvis a les proves 4t d&#8217;ESO<\/a><br \/>\n<a href=\"https:\/\/drive.google.com\/file\/d\/1FaVp77cc1uOtkJCcWb02WhQfrI_xHmZK\/view?usp=sharing\" target=\"_blank\" rel=\"noopener\">Informaci\u00f3 per a l&#8217;estudiant\u00a0<\/a><br \/>\n<a href=\"https:\/\/drive.google.com\/file\/d\/1ah4eaMdbXAzi9c4jRinH7SZeVkhw3CVQ\/view?usp=sharing\" target=\"_blank\" rel=\"noopener\">Informaci\u00f3 per a les fam\u00edlies<\/a><\/p>\n","protected":false},"author":6,"featured_media":0,"comment_status":"closed","ping_status":"closed","sticky":false,"template":"","format":"standard","meta":{"_bbp_topic_count":0,"_bbp_reply_count":0,"_bbp_total_topic_count":0,"_bbp_total_reply_count":0,"_bbp_voice_count":0,"_bbp_anonymous_reply_count":0,"_bbp_topic_count_hidden":0,"_bbp_reply_count_hidden":0,"_bbp_forum_subforum_count":0,"footnotes":""},"categories":[1,29],"tags":[143],"class_list":["post-3544","post","type-post","status-publish","format-standard","hentry","category-general","category-portada","tag-avaluacio-educacio-secundaria-obligatoria-4t-deso"],"post_mailing_queue_ids":[],"_links":{"self":[{"href":"https:\/\/agora.xtec.cat\/iesdelvoltreganes\/wp-json\/wp\/v2\/posts\/3544","targetHints":{"allow":["GET"]}}],"collection":[{"href":"https:\/\/agora.xtec.cat\/iesdelvoltreganes\/wp-json\/wp\/v2\/posts"}],"about":[{"href":"https:\/\/agora.xtec.cat\/iesdelvoltreganes\/wp-json\/wp\/v2\/types\/post"}],"author":[{"embeddable":true,"href":"https:\/\/agora.xtec.cat\/iesdelvoltreganes\/wp-json\/wp\/v2\/users\/6"}],"replies":[{"embeddable":true,"href":"https:\/\/agora.xtec.cat\/iesdelvoltreganes\/wp-json\/wp\/v2\/comments?post=3544"}],"version-history":[{"count":3,"href":"https:\/\/agora.xtec.cat\/iesdelvoltreganes\/wp-json\/wp\/v2\/posts\/3544\/revisions"}],"predecessor-version":[{"id":3574,"href":"https:\/\/agora.xtec.cat\/iesdelvoltreganes\/wp-json\/wp\/v2\/posts\/3544\/revisions\/3574"}],"wp:attachment":[{"href":"https:\/\/agora.xtec.cat\/iesdelvoltreganes\/wp-json\/wp\/v2\/media?parent=3544"}],"wp:term":[{"taxonomy":"category","embeddable":true,"href":"https:\/\/agora.xtec.cat\/iesdelvoltreganes\/wp-json\/wp\/v2\/categories?post=3544"},{"taxonomy":"post_tag","embeddable":true,"href":"https:\/\/agora.xtec.cat\/iesdelvoltreganes\/wp-json\/wp\/v2\/tags?post=3544"}],"curies":[{"name":"wp","href":"https:\/\/api.w.org\/{rel}","templated":true}]}}