{"id":3520,"date":"2018-12-20T12:30:50","date_gmt":"2018-12-20T11:30:50","guid":{"rendered":"http:\/\/agora.xtec.cat\/iesdelvoltreganes\/?p=3520"},"modified":"2019-01-21T12:31:28","modified_gmt":"2019-01-21T11:31:28","slug":"visita-tv3-amb-3r-deso","status":"publish","type":"post","link":"https:\/\/agora.xtec.cat\/iesdelvoltreganes\/general\/visita-tv3-amb-3r-deso\/","title":{"rendered":"Visita TV3 amb 3r d&#8217;ESO"},"content":{"rendered":"<p>El 17 de desembre, amb els alumnes de 3r d\u2019ESO, vam visitar les instal\u2022lacions deTV3 a Sant Joan Desp\u00ed.  Vam sortir a les  8 del mat\u00ed i en arribar ens vam distribuir en dos grups: mentre un comen\u00e7ava la visita, l\u2019altre es quedava en un parc proper esmorzant i realitzant un treball sobre els mitjans de comunicaci\u00f3. Despr\u00e9s s\u2019intercanviaven les activitats.<br \/>\nLa visita consistia en un passeig per les instal\u2022lacions de TV3 dirigit per una hostessa que anava donant les explicacions.  Els alumnes van poder veure alguns dels plat\u00f3s on es roden els programes de m\u00e9s audi\u00e8ncia com el Telenot\u00edcies o on es va enregistrar el programa de La Marat\u00f3. Tamb\u00e9 ens van explicar les t\u00e8cniques del croma en la realitzaci\u00f3 de seccions com la del Temps.<br \/>\nVam poder visitar les sales de control dels programes i una unitat m\u00f2bil que utilitzen per als despla\u00e7aments, quan els periodistes han de cobrir un esdeveniment en directe, o per als partits de futbol.<br \/>\nAl magatzem dels decorats algunes alumnes van descobrir, amb sorpresa (m\u00e9s petit del que recordaven) i emoci\u00f3, els decorats d\u2019algun dels programes que miraven quan eren una mica m\u00e9s petites.<br \/>\nTamb\u00e9 vam passar per la zona del vestuari , el maquillatge, l\u2019attrezzo  (objectes que complementen el rodatge).<br \/>\nEn general va ser una sortida que va agradar als alumnes perqu\u00e8 van veure la televisi\u00f3 per dins, alguns aspectes t\u00e8cnics i pr\u00e0ctics de programes que havien vist des de casa. Van trobar a faltar, aix\u00f2 s\u00ed, veure alguns dels famosos que tenien l\u2019esperan\u00e7a de trobar.<\/p>\n","protected":false},"excerpt":{"rendered":"<p>El 17 de desembre, amb els alumnes de 3r d\u2019ESO, vam visitar les instal\u2022lacions deTV3 a Sant Joan Desp\u00ed.  Vam sortir a les  8 del mat\u00ed i en arribar ens vam distribuir en dos grups: mentre un comen\u00e7ava la visita, l\u2019altre es quedava&hellip;  <a href=\"https:\/\/agora.xtec.cat\/iesdelvoltreganes\/general\/visita-tv3-amb-3r-deso\/\" title=\"Read Visita TV3 amb 3r d&#8217;ESO\">Llegeix m\u00e9s\u00bb<\/a><\/p>\n","protected":false},"author":6,"featured_media":0,"comment_status":"closed","ping_status":"closed","sticky":false,"template":"","format":"standard","meta":{"_bbp_topic_count":0,"_bbp_reply_count":0,"_bbp_total_topic_count":0,"_bbp_total_reply_count":0,"_bbp_voice_count":0,"_bbp_anonymous_reply_count":0,"_bbp_topic_count_hidden":0,"_bbp_reply_count_hidden":0,"_bbp_forum_subforum_count":0,"footnotes":""},"categories":[6,1,72,29],"tags":[39],"class_list":["post-3520","post","type-post","status-publish","format-standard","hentry","category-eso-3","category-general","category-llengues-i-literatura","category-portada","tag-sortides"],"post_mailing_queue_ids":[],"_links":{"self":[{"href":"https:\/\/agora.xtec.cat\/iesdelvoltreganes\/wp-json\/wp\/v2\/posts\/3520","targetHints":{"allow":["GET"]}}],"collection":[{"href":"https:\/\/agora.xtec.cat\/iesdelvoltreganes\/wp-json\/wp\/v2\/posts"}],"about":[{"href":"https:\/\/agora.xtec.cat\/iesdelvoltreganes\/wp-json\/wp\/v2\/types\/post"}],"author":[{"embeddable":true,"href":"https:\/\/agora.xtec.cat\/iesdelvoltreganes\/wp-json\/wp\/v2\/users\/6"}],"replies":[{"embeddable":true,"href":"https:\/\/agora.xtec.cat\/iesdelvoltreganes\/wp-json\/wp\/v2\/comments?post=3520"}],"version-history":[{"count":1,"href":"https:\/\/agora.xtec.cat\/iesdelvoltreganes\/wp-json\/wp\/v2\/posts\/3520\/revisions"}],"predecessor-version":[{"id":3521,"href":"https:\/\/agora.xtec.cat\/iesdelvoltreganes\/wp-json\/wp\/v2\/posts\/3520\/revisions\/3521"}],"wp:attachment":[{"href":"https:\/\/agora.xtec.cat\/iesdelvoltreganes\/wp-json\/wp\/v2\/media?parent=3520"}],"wp:term":[{"taxonomy":"category","embeddable":true,"href":"https:\/\/agora.xtec.cat\/iesdelvoltreganes\/wp-json\/wp\/v2\/categories?post=3520"},{"taxonomy":"post_tag","embeddable":true,"href":"https:\/\/agora.xtec.cat\/iesdelvoltreganes\/wp-json\/wp\/v2\/tags?post=3520"}],"curies":[{"name":"wp","href":"https:\/\/api.w.org\/{rel}","templated":true}]}}