{"id":3484,"date":"2019-01-11T13:26:18","date_gmt":"2019-01-11T12:26:18","guid":{"rendered":"http:\/\/agora.xtec.cat\/iesdelvoltreganes\/?p=3484"},"modified":"2019-04-12T13:15:47","modified_gmt":"2019-04-12T11:15:47","slug":"una-canco-de-molt-lluny","status":"publish","type":"post","link":"https:\/\/agora.xtec.cat\/iesdelvoltreganes\/llibres-recomanats\/una-canco-de-molt-lluny\/","title":{"rendered":"<em>Una can\u00e7\u00f3 de molt lluny<\/em>"},"content":{"rendered":"<p>A.F. Harrold<br \/>\n<em>Una can\u00e7\u00f3 de molt lluny<\/em><br \/>\nIl\u00b7lustracions de Levi Pinfold<br \/>\nBlackie Books<\/p>\n<p><a href=\"https:\/\/agora.xtec.cat\/iesdelvoltreganes\/wp-content\/uploads\/usu618\/2019\/01\/poridentidad.jpg\"><img loading=\"lazy\" decoding=\"async\" class=\"size-medium wp-image-3486 alignleft\" src=\"https:\/\/agora.xtec.cat\/iesdelvoltreganes\/wp-content\/uploads\/usu618\/2019\/01\/poridentidad-201x300.jpg\" alt=\"\" width=\"201\" height=\"300\" srcset=\"https:\/\/agora.xtec.cat\/iesdelvoltreganes\/wp-content\/uploads\/usu618\/2019\/01\/poridentidad-201x300.jpg 201w, https:\/\/agora.xtec.cat\/iesdelvoltreganes\/wp-content\/uploads\/usu618\/2019\/01\/poridentidad.jpg 235w\" sizes=\"auto, (max-width: 201px) 100vw, 201px\" \/><\/a><\/p>\n<p><a href=\"https:\/\/agora.xtec.cat\/iesdelvoltreganes\/wp-content\/uploads\/usu618\/2019\/01\/Una-can\u00e7\u00f3-de-molt-lluny-1.jpg\"><img loading=\"lazy\" decoding=\"async\" class=\"size-medium wp-image-3489 alignnone\" src=\"https:\/\/agora.xtec.cat\/iesdelvoltreganes\/wp-content\/uploads\/usu618\/2019\/01\/Una-can\u00e7\u00f3-de-molt-lluny-1-300x225.jpg\" alt=\"\" width=\"300\" height=\"225\" srcset=\"https:\/\/agora.xtec.cat\/iesdelvoltreganes\/wp-content\/uploads\/usu618\/2019\/01\/Una-can\u00e7\u00f3-de-molt-lluny-1-300x225.jpg 300w, https:\/\/agora.xtec.cat\/iesdelvoltreganes\/wp-content\/uploads\/usu618\/2019\/01\/Una-can\u00e7\u00f3-de-molt-lluny-1-768x576.jpg 768w, https:\/\/agora.xtec.cat\/iesdelvoltreganes\/wp-content\/uploads\/usu618\/2019\/01\/Una-can\u00e7\u00f3-de-molt-lluny-1-200x150.jpg 200w, https:\/\/agora.xtec.cat\/iesdelvoltreganes\/wp-content\/uploads\/usu618\/2019\/01\/Una-can\u00e7\u00f3-de-molt-lluny-1.jpg 960w\" sizes=\"auto, (max-width: 300px) 100vw, 300px\" \/><\/a><\/p>\n<p>&#8220;Va deixar la bicicleta arrepenjada a la tanca, va anar cap al tobogan i i va agafar un dels cartells. Va enganxar-lo amb cel\u00b7lo; per\u00f2, com que el vent de tarda el feia agitar-se, n\u2019hi va posar una mica m\u00e9s per quedar tranquil\u00b7la.<br \/>\n\u2014Ai! Un gatet que s\u2019ha perdut!<br \/>\nLa Frank es va girar en rod\u00f3 i la panxa se li va arronsar de cop.<br \/>\n\u2014\u00bfQue has perdut el teu gatet, Francesca?<br \/>\nNo va ser una pregunta feta en to sol\u00b7l\u00edcit. La persona que ho demanava, amb una repulsiva cantarella burleta com la que es fa servir per parlar amb les criatures, era en Neil Noble. Anava a la mateixa escola que la Frank, on feia un curs m\u00e9s que ella, i no la podia veure. Per\u00f2 no, no era ben b\u00e9 aix\u00f2. No era que li tingu\u00e9s mania; m\u00e9s aviat hi tenia una fixaci\u00f3. La buscava, l\u2019anava a trobar a l\u2019hora del pati, s\u2019ho feia venir b\u00e9 per coincidir-hi a l\u2019hora de dinar, la seguia quan tornava cap a casa despr\u00e9s de l\u2019escola, i ella no sabia per qu\u00e8.<br \/>\n\u2014\u00bfNo dius res? \u00bfNo penses respondre? \u2014va continuar en el mateix to\u2014. \u00bfQu\u00e8 et passa? \u00bfQue se t\u2019ha menjat la llengua el gat?<br \/>\nI va riure de la seva pr\u00f2pia brometa.<br \/>\nEls dos nois que tenia darrere tamb\u00e9 van riure.<br \/>\nAquell parell, en Roy i en Rob, sempre el seguien a tot arreu. No obrien quasi mai la boca ni feien mai res. Es limitaven a mirar i a escoltar; eren el p\u00fablic fidel d\u2019en Neil Noble.&#8221;<\/p>\n<p>El recomano als alumnes de 1r d&#8217;ESO.<\/p>\n<p>Empar Barcons<\/p>\n","protected":false},"excerpt":{"rendered":"<p>A.F. Harrold<br \/>\nUna can\u00e7\u00f3 de molt lluny<br \/>\nIl\u00b7lustracions de Levi Pinfold<br \/>\nBlackie Books<br \/>\n<a href=\"https:\/\/agora.xtec.cat\/iesdelvoltreganes\/wp-content\/uploads\/usu618\/2019\/01\/poridentidad.jpg\"><\/a><br \/>\n<a href=\"https:\/\/agora.xtec.cat\/iesdelvoltreganes\/wp-content\/uploads\/usu618\/2019\/01\/Una-can\u00e7\u00f3-de-molt-lluny-1.jpg\"><\/a><br \/>\n&#8220;Va deixar la bicicleta arrepenjada a la tanca, va anar cap al tobogan i i va agafar un dels cartells. Va enganxar-lo amb cel\u00b7lo; per\u00f2, com que el vent de tarda el feia agitar-se,&hellip;  <a href=\"https:\/\/agora.xtec.cat\/iesdelvoltreganes\/llibres-recomanats\/una-canco-de-molt-lluny\/\" title=\"Read <em>Una can\u00e7\u00f3 de molt lluny<\/em>&#8220;>Llegeix m\u00e9s\u00bb<\/a><\/p>\n","protected":false},"author":6,"featured_media":0,"comment_status":"closed","ping_status":"closed","sticky":false,"template":"","format":"standard","meta":{"_bbp_topic_count":0,"_bbp_reply_count":0,"_bbp_total_topic_count":0,"_bbp_total_reply_count":0,"_bbp_voice_count":0,"_bbp_anonymous_reply_count":0,"_bbp_topic_count_hidden":0,"_bbp_reply_count_hidden":0,"_bbp_forum_subforum_count":0,"footnotes":""},"categories":[81],"tags":[82],"class_list":["post-3484","post","type-post","status-publish","format-standard","hentry","category-llibres-recomanats","tag-llibres"],"post_mailing_queue_ids":[],"_links":{"self":[{"href":"https:\/\/agora.xtec.cat\/iesdelvoltreganes\/wp-json\/wp\/v2\/posts\/3484","targetHints":{"allow":["GET"]}}],"collection":[{"href":"https:\/\/agora.xtec.cat\/iesdelvoltreganes\/wp-json\/wp\/v2\/posts"}],"about":[{"href":"https:\/\/agora.xtec.cat\/iesdelvoltreganes\/wp-json\/wp\/v2\/types\/post"}],"author":[{"embeddable":true,"href":"https:\/\/agora.xtec.cat\/iesdelvoltreganes\/wp-json\/wp\/v2\/users\/6"}],"replies":[{"embeddable":true,"href":"https:\/\/agora.xtec.cat\/iesdelvoltreganes\/wp-json\/wp\/v2\/comments?post=3484"}],"version-history":[{"count":3,"href":"https:\/\/agora.xtec.cat\/iesdelvoltreganes\/wp-json\/wp\/v2\/posts\/3484\/revisions"}],"predecessor-version":[{"id":3788,"href":"https:\/\/agora.xtec.cat\/iesdelvoltreganes\/wp-json\/wp\/v2\/posts\/3484\/revisions\/3788"}],"wp:attachment":[{"href":"https:\/\/agora.xtec.cat\/iesdelvoltreganes\/wp-json\/wp\/v2\/media?parent=3484"}],"wp:term":[{"taxonomy":"category","embeddable":true,"href":"https:\/\/agora.xtec.cat\/iesdelvoltreganes\/wp-json\/wp\/v2\/categories?post=3484"},{"taxonomy":"post_tag","embeddable":true,"href":"https:\/\/agora.xtec.cat\/iesdelvoltreganes\/wp-json\/wp\/v2\/tags?post=3484"}],"curies":[{"name":"wp","href":"https:\/\/api.w.org\/{rel}","templated":true}]}}