{"id":3465,"date":"2018-12-21T15:03:58","date_gmt":"2018-12-21T14:03:58","guid":{"rendered":"http:\/\/agora.xtec.cat\/iesdelvoltreganes\/?p=3465"},"modified":"2018-12-21T15:06:15","modified_gmt":"2018-12-21T14:06:15","slug":"premis-de-decoracio-daules-nadal-2018","status":"publish","type":"post","link":"https:\/\/agora.xtec.cat\/iesdelvoltreganes\/general\/premis-de-decoracio-daules-nadal-2018\/","title":{"rendered":"Premis de decoraci\u00f3 d&#8217;aules Nadal 2018"},"content":{"rendered":"<figure class=\"figure wp-caption alignnone\"><a href=\"https:\/\/agora.xtec.cat\/iesdelvoltreganes\/wp-content\/uploads\/usu618\/2018\/12\/1r-Premi-decoraci\u00f3-Nadal-2018reduida.jpeg\"><img loading=\"lazy\" decoding=\"async\" class=\"size-full wp-image-3466\" src=\"https:\/\/agora.xtec.cat\/iesdelvoltreganes\/wp-content\/uploads\/usu618\/2018\/12\/1r-Premi-decoraci\u00f3-Nadal-2018reduida.jpeg\" alt=\"\" width=\"1000\" height=\"750\" srcset=\"https:\/\/agora.xtec.cat\/iesdelvoltreganes\/wp-content\/uploads\/usu618\/2018\/12\/1r-Premi-decoraci\u00f3-Nadal-2018reduida.jpeg 1000w, https:\/\/agora.xtec.cat\/iesdelvoltreganes\/wp-content\/uploads\/usu618\/2018\/12\/1r-Premi-decoraci\u00f3-Nadal-2018reduida-300x225.jpeg 300w, https:\/\/agora.xtec.cat\/iesdelvoltreganes\/wp-content\/uploads\/usu618\/2018\/12\/1r-Premi-decoraci\u00f3-Nadal-2018reduida-768x576.jpeg 768w, https:\/\/agora.xtec.cat\/iesdelvoltreganes\/wp-content\/uploads\/usu618\/2018\/12\/1r-Premi-decoraci\u00f3-Nadal-2018reduida-200x150.jpeg 200w\" sizes=\"auto, (max-width: 1000px) 100vw, 1000px\" \/><\/a><figcaption class=\"wp-caption-text\">El 1r premi de decoraci\u00f3 d&#8217;aules Nadal 2018 l&#8217;ha guanyat 1r ESO C<\/figcaption><\/figure>\n<figure class=\"figure wp-caption alignnone\"><a href=\"https:\/\/agora.xtec.cat\/iesdelvoltreganes\/wp-content\/uploads\/usu618\/2018\/12\/acc\u00e8ssit-a-la-decoraci\u00f3-m\u00e9s-treballadareduida.jpg\"><img loading=\"lazy\" decoding=\"async\" class=\"size-full wp-image-3468\" src=\"https:\/\/agora.xtec.cat\/iesdelvoltreganes\/wp-content\/uploads\/usu618\/2018\/12\/acc\u00e8ssit-a-la-decoraci\u00f3-m\u00e9s-treballadareduida.jpg\" alt=\"\" width=\"1000\" height=\"750\" srcset=\"https:\/\/agora.xtec.cat\/iesdelvoltreganes\/wp-content\/uploads\/usu618\/2018\/12\/acc\u00e8ssit-a-la-decoraci\u00f3-m\u00e9s-treballadareduida.jpg 1000w, https:\/\/agora.xtec.cat\/iesdelvoltreganes\/wp-content\/uploads\/usu618\/2018\/12\/acc\u00e8ssit-a-la-decoraci\u00f3-m\u00e9s-treballadareduida-300x225.jpg 300w, https:\/\/agora.xtec.cat\/iesdelvoltreganes\/wp-content\/uploads\/usu618\/2018\/12\/acc\u00e8ssit-a-la-decoraci\u00f3-m\u00e9s-treballadareduida-768x576.jpg 768w, https:\/\/agora.xtec.cat\/iesdelvoltreganes\/wp-content\/uploads\/usu618\/2018\/12\/acc\u00e8ssit-a-la-decoraci\u00f3-m\u00e9s-treballadareduida-200x150.jpg 200w\" sizes=\"auto, (max-width: 1000px) 100vw, 1000px\" \/><\/a><figcaption class=\"wp-caption-text\">L&#8217;acc\u00e8ssit a la decoraci\u00f3 m\u00e9s treballada Nadal 2018 ha estat pel grup 2n Batxillerat B<\/figcaption><\/figure>\n<div class=\"mceTemp\"><\/div>\n<figure class=\"figure wp-caption alignnone\"><a href=\"https:\/\/agora.xtec.cat\/iesdelvoltreganes\/wp-content\/uploads\/usu618\/2018\/12\/acc\u00e8ssit-a-la-decoraci\u00f3-m\u00e9s-originalreduida-1.jpg\"><img loading=\"lazy\" decoding=\"async\" class=\"size-large wp-image-3470\" src=\"https:\/\/agora.xtec.cat\/iesdelvoltreganes\/wp-content\/uploads\/usu618\/2018\/12\/acc\u00e8ssit-a-la-decoraci\u00f3-m\u00e9s-originalreduida-1.jpg\" alt=\"\" width=\"1000\" height=\"750\" srcset=\"https:\/\/agora.xtec.cat\/iesdelvoltreganes\/wp-content\/uploads\/usu618\/2018\/12\/acc\u00e8ssit-a-la-decoraci\u00f3-m\u00e9s-originalreduida-1.jpg 1000w, https:\/\/agora.xtec.cat\/iesdelvoltreganes\/wp-content\/uploads\/usu618\/2018\/12\/acc\u00e8ssit-a-la-decoraci\u00f3-m\u00e9s-originalreduida-1-300x225.jpg 300w, https:\/\/agora.xtec.cat\/iesdelvoltreganes\/wp-content\/uploads\/usu618\/2018\/12\/acc\u00e8ssit-a-la-decoraci\u00f3-m\u00e9s-originalreduida-1-768x576.jpg 768w, https:\/\/agora.xtec.cat\/iesdelvoltreganes\/wp-content\/uploads\/usu618\/2018\/12\/acc\u00e8ssit-a-la-decoraci\u00f3-m\u00e9s-originalreduida-1-200x150.jpg 200w\" sizes=\"auto, (max-width: 1000px) 100vw, 1000px\" \/><\/a><figcaption class=\"wp-caption-text\">L&#8217;acc\u00e8ssit a la decoraci\u00f3 m\u00e9s original ha correspost a 2n ESO B<\/figcaption><\/figure>\n","protected":false},"excerpt":{"rendered":"<p><a href=\"https:\/\/agora.xtec.cat\/iesdelvoltreganes\/wp-content\/uploads\/usu618\/2018\/12\/1r-Premi-decoraci\u00f3-Nadal-2018reduida.jpeg\"><\/a>El 1r premi de decoraci\u00f3 d&#8217;aules Nadal 2018 l&#8217;ha guanyat 1r ESO C<br \/>\n<a href=\"https:\/\/agora.xtec.cat\/iesdelvoltreganes\/wp-content\/uploads\/usu618\/2018\/12\/acc\u00e8ssit-a-la-decoraci\u00f3-m\u00e9s-treballadareduida.jpg\"><\/a>L&#8217;acc\u00e8ssit a la decoraci\u00f3 m\u00e9s treballada Nadal 2018 ha estat pel grup 2n Batxillerat B<\/p>\n<p><a href=\"https:\/\/agora.xtec.cat\/iesdelvoltreganes\/wp-content\/uploads\/usu618\/2018\/12\/acc\u00e8ssit-a-la-decoraci\u00f3-m\u00e9s-originalreduida-1.jpg\"><\/a>L&#8217;acc\u00e8ssit a la decoraci\u00f3 m\u00e9s original ha correspost a 2n ESO B<\/p>\n","protected":false},"author":7,"featured_media":3466,"comment_status":"closed","ping_status":"closed","sticky":false,"template":"","format":"standard","meta":{"_bbp_topic_count":0,"_bbp_reply_count":0,"_bbp_total_topic_count":0,"_bbp_total_reply_count":0,"_bbp_voice_count":0,"_bbp_anonymous_reply_count":0,"_bbp_topic_count_hidden":0,"_bbp_reply_count_hidden":0,"_bbp_forum_subforum_count":0,"footnotes":""},"categories":[1,29],"tags":[],"class_list":["post-3465","post","type-post","status-publish","format-standard","has-post-thumbnail","hentry","category-general","category-portada"],"post_mailing_queue_ids":[],"_links":{"self":[{"href":"https:\/\/agora.xtec.cat\/iesdelvoltreganes\/wp-json\/wp\/v2\/posts\/3465","targetHints":{"allow":["GET"]}}],"collection":[{"href":"https:\/\/agora.xtec.cat\/iesdelvoltreganes\/wp-json\/wp\/v2\/posts"}],"about":[{"href":"https:\/\/agora.xtec.cat\/iesdelvoltreganes\/wp-json\/wp\/v2\/types\/post"}],"author":[{"embeddable":true,"href":"https:\/\/agora.xtec.cat\/iesdelvoltreganes\/wp-json\/wp\/v2\/users\/7"}],"replies":[{"embeddable":true,"href":"https:\/\/agora.xtec.cat\/iesdelvoltreganes\/wp-json\/wp\/v2\/comments?post=3465"}],"version-history":[{"count":3,"href":"https:\/\/agora.xtec.cat\/iesdelvoltreganes\/wp-json\/wp\/v2\/posts\/3465\/revisions"}],"predecessor-version":[{"id":3481,"href":"https:\/\/agora.xtec.cat\/iesdelvoltreganes\/wp-json\/wp\/v2\/posts\/3465\/revisions\/3481"}],"wp:featuredmedia":[{"embeddable":true,"href":"https:\/\/agora.xtec.cat\/iesdelvoltreganes\/wp-json\/wp\/v2\/media\/3466"}],"wp:attachment":[{"href":"https:\/\/agora.xtec.cat\/iesdelvoltreganes\/wp-json\/wp\/v2\/media?parent=3465"}],"wp:term":[{"taxonomy":"category","embeddable":true,"href":"https:\/\/agora.xtec.cat\/iesdelvoltreganes\/wp-json\/wp\/v2\/categories?post=3465"},{"taxonomy":"post_tag","embeddable":true,"href":"https:\/\/agora.xtec.cat\/iesdelvoltreganes\/wp-json\/wp\/v2\/tags?post=3465"}],"curies":[{"name":"wp","href":"https:\/\/api.w.org\/{rel}","templated":true}]}}