{"id":3439,"date":"2018-12-17T10:12:34","date_gmt":"2018-12-17T09:12:34","guid":{"rendered":"http:\/\/agora.xtec.cat\/iesdelvoltreganes\/?p=3439"},"modified":"2018-12-17T10:14:54","modified_gmt":"2018-12-17T09:14:54","slug":"cinema-3d","status":"publish","type":"post","link":"https:\/\/agora.xtec.cat\/iesdelvoltreganes\/general\/cinema-3d\/","title":{"rendered":"L&#8217;energia en cinema 3D al Sucre de Vic"},"content":{"rendered":"<p>Els alumnes de 2n d&#8217;ESO han gaudit d\u2019una experi\u00e8ncia \u00fanica\u00a0tot fent aquesta activitat. Se\u2019ls ha presentat els conceptes m\u00e9s rellevants i representatius relatius a les fonts d\u2019energia: com es genera i les conseq\u00fc\u00e8ncies de consumir-la. Tamb\u00e9 com poden evitar alguns dels seus efectes negatius amb petits gestos.<br \/>\nHan vist qu\u00e8 s\u00f3n els combustibles f\u00f2ssils, l\u2019energia hidr\u00e0ulica, la solar, l\u2019e\u00f2lica, la nuclear, les piles de combustible o l\u2019efecte hivernacle, entre d\u2019altres, tot presentat a partir d\u2019una hist\u00f2ria d\u2019amor entre dos joves estudiants d\u2019un institut com el nostre.<\/p>\n<p><a href=\"https:\/\/agora.xtec.cat\/iesdelvoltreganes\/wp-content\/uploads\/usu618\/2018\/12\/IMG_5240.jpg\"><img loading=\"lazy\" decoding=\"async\" class=\"alignnone size-medium wp-image-3440\" src=\"https:\/\/agora.xtec.cat\/iesdelvoltreganes\/wp-content\/uploads\/usu618\/2018\/12\/IMG_5240-300x225.jpg\" alt=\"\" width=\"300\" height=\"225\" srcset=\"https:\/\/agora.xtec.cat\/iesdelvoltreganes\/wp-content\/uploads\/usu618\/2018\/12\/IMG_5240-300x225.jpg 300w, https:\/\/agora.xtec.cat\/iesdelvoltreganes\/wp-content\/uploads\/usu618\/2018\/12\/IMG_5240-768x576.jpg 768w, https:\/\/agora.xtec.cat\/iesdelvoltreganes\/wp-content\/uploads\/usu618\/2018\/12\/IMG_5240-1024x768.jpg 1024w, https:\/\/agora.xtec.cat\/iesdelvoltreganes\/wp-content\/uploads\/usu618\/2018\/12\/IMG_5240-200x150.jpg 200w, https:\/\/agora.xtec.cat\/iesdelvoltreganes\/wp-content\/uploads\/usu618\/2018\/12\/IMG_5240.jpg 1632w\" sizes=\"auto, (max-width: 300px) 100vw, 300px\" \/><\/a><\/p>\n<figure class=\"figure wp-caption alignnone\"><a href=\"https:\/\/agora.xtec.cat\/iesdelvoltreganes\/wp-content\/uploads\/usu618\/2018\/12\/IMG_20181214_120745.jpg\"><img loading=\"lazy\" decoding=\"async\" class=\"size-medium wp-image-3441\" src=\"https:\/\/agora.xtec.cat\/iesdelvoltreganes\/wp-content\/uploads\/usu618\/2018\/12\/IMG_20181214_120745-300x225.jpg\" alt=\"\" width=\"300\" height=\"225\" srcset=\"https:\/\/agora.xtec.cat\/iesdelvoltreganes\/wp-content\/uploads\/usu618\/2018\/12\/IMG_20181214_120745-300x225.jpg 300w, https:\/\/agora.xtec.cat\/iesdelvoltreganes\/wp-content\/uploads\/usu618\/2018\/12\/IMG_20181214_120745-768x576.jpg 768w, https:\/\/agora.xtec.cat\/iesdelvoltreganes\/wp-content\/uploads\/usu618\/2018\/12\/IMG_20181214_120745-1024x768.jpg 1024w, https:\/\/agora.xtec.cat\/iesdelvoltreganes\/wp-content\/uploads\/usu618\/2018\/12\/IMG_20181214_120745-200x150.jpg 200w\" sizes=\"auto, (max-width: 300px) 100vw, 300px\" \/><\/a><figcaption class=\"wp-caption-text\">mde<\/figcaption><\/figure>\n","protected":false},"excerpt":{"rendered":"<p>Els alumnes de 2n d&#8217;ESO han gaudit d\u2019una experi\u00e8ncia \u00fanica\u00a0tot fent aquesta activitat. Se\u2019ls ha presentat els conceptes m\u00e9s rellevants i representatius relatius a les fonts d\u2019energia: com es genera i les conseq\u00fc\u00e8ncies de consumir-la. Tamb\u00e9 com poden evitar alguns dels seus efectes negatius amb&hellip;  <a href=\"https:\/\/agora.xtec.cat\/iesdelvoltreganes\/general\/cinema-3d\/\" title=\"Read L&#8217;energia en cinema 3D al Sucre de Vic\">Llegeix m\u00e9s\u00bb<\/a><\/p>\n","protected":false},"author":6,"featured_media":0,"comment_status":"closed","ping_status":"closed","sticky":false,"template":"","format":"standard","meta":{"_bbp_topic_count":0,"_bbp_reply_count":0,"_bbp_total_topic_count":0,"_bbp_total_reply_count":0,"_bbp_voice_count":0,"_bbp_anonymous_reply_count":0,"_bbp_topic_count_hidden":0,"_bbp_reply_count_hidden":0,"_bbp_forum_subforum_count":0,"footnotes":""},"categories":[5,1,29,64],"tags":[],"class_list":["post-3439","post","type-post","status-publish","format-standard","hentry","category-eso-2","category-general","category-portada","category-tecnologia"],"post_mailing_queue_ids":[],"_links":{"self":[{"href":"https:\/\/agora.xtec.cat\/iesdelvoltreganes\/wp-json\/wp\/v2\/posts\/3439","targetHints":{"allow":["GET"]}}],"collection":[{"href":"https:\/\/agora.xtec.cat\/iesdelvoltreganes\/wp-json\/wp\/v2\/posts"}],"about":[{"href":"https:\/\/agora.xtec.cat\/iesdelvoltreganes\/wp-json\/wp\/v2\/types\/post"}],"author":[{"embeddable":true,"href":"https:\/\/agora.xtec.cat\/iesdelvoltreganes\/wp-json\/wp\/v2\/users\/6"}],"replies":[{"embeddable":true,"href":"https:\/\/agora.xtec.cat\/iesdelvoltreganes\/wp-json\/wp\/v2\/comments?post=3439"}],"version-history":[{"count":3,"href":"https:\/\/agora.xtec.cat\/iesdelvoltreganes\/wp-json\/wp\/v2\/posts\/3439\/revisions"}],"predecessor-version":[{"id":3444,"href":"https:\/\/agora.xtec.cat\/iesdelvoltreganes\/wp-json\/wp\/v2\/posts\/3439\/revisions\/3444"}],"wp:attachment":[{"href":"https:\/\/agora.xtec.cat\/iesdelvoltreganes\/wp-json\/wp\/v2\/media?parent=3439"}],"wp:term":[{"taxonomy":"category","embeddable":true,"href":"https:\/\/agora.xtec.cat\/iesdelvoltreganes\/wp-json\/wp\/v2\/categories?post=3439"},{"taxonomy":"post_tag","embeddable":true,"href":"https:\/\/agora.xtec.cat\/iesdelvoltreganes\/wp-json\/wp\/v2\/tags?post=3439"}],"curies":[{"name":"wp","href":"https:\/\/api.w.org\/{rel}","templated":true}]}}