{"id":3433,"date":"2018-12-17T12:15:13","date_gmt":"2018-12-17T11:15:13","guid":{"rendered":"http:\/\/agora.xtec.cat\/iesdelvoltreganes\/?p=3433"},"modified":"2018-12-17T12:16:57","modified_gmt":"2018-12-17T11:16:57","slug":"nadal-a-linstitut","status":"publish","type":"post","link":"https:\/\/agora.xtec.cat\/iesdelvoltreganes\/general\/nadal-a-linstitut\/","title":{"rendered":"Nadal a l&#8217;institut amb els alumnes de prim\u00e0ria"},"content":{"rendered":"<p>Un any m\u00e9s per celebrar que s&#8217;acosten les festes, hem convidat els alumnes de les escoles Abat Oliba i El Despujol, a celebrar el Nadal amb nosaltres. Els alumnes de 1r d&#8217;ESO han preparat, amb els seus professors, unes can\u00e7ons nadalenques i uns poemes en diversos idiomes: catal\u00e0, castell\u00e0, angl\u00e8s, franc\u00e8s i alemany. La coral de l&#8217;institut i el grup d&#8217;alumnes de 4t d&#8217;ESO han donat ritme a la celebraci\u00f3 i per acabar els alumnes de 1r d&#8217;ESO han obsequiat als alumnes de 6\u00e8 amb una petita pe\u00e7a del pessebre.<\/p>\n<p><a href=\"https:\/\/photos.app.goo.gl\/f2ZuwRDUHyPt1Vrn7\" target=\"_blank\" rel=\"noopener\"><img loading=\"lazy\" decoding=\"async\" class=\"alignnone wp-image-3445 size-medium\" src=\"https:\/\/agora.xtec.cat\/iesdelvoltreganes\/wp-content\/uploads\/usu618\/2018\/12\/DSC_0366-300x199.jpg\" alt=\"\" width=\"300\" height=\"199\" srcset=\"https:\/\/agora.xtec.cat\/iesdelvoltreganes\/wp-content\/uploads\/usu618\/2018\/12\/DSC_0366-300x199.jpg 300w, https:\/\/agora.xtec.cat\/iesdelvoltreganes\/wp-content\/uploads\/usu618\/2018\/12\/DSC_0366-768x511.jpg 768w, https:\/\/agora.xtec.cat\/iesdelvoltreganes\/wp-content\/uploads\/usu618\/2018\/12\/DSC_0366-1024x681.jpg 1024w, https:\/\/agora.xtec.cat\/iesdelvoltreganes\/wp-content\/uploads\/usu618\/2018\/12\/DSC_0366.jpg 1504w\" sizes=\"auto, (max-width: 300px) 100vw, 300px\" \/><\/a><\/p>\n","protected":false},"excerpt":{"rendered":"<p>Un any m\u00e9s per celebrar que s&#8217;acosten les festes, hem convidat els alumnes de les escoles Abat Oliba i El Despujol, a celebrar el Nadal amb nosaltres. Els alumnes de 1r d&#8217;ESO han preparat, amb els seus professors, unes can\u00e7ons nadalenques i uns poemes en&hellip;  <a href=\"https:\/\/agora.xtec.cat\/iesdelvoltreganes\/general\/nadal-a-linstitut\/\" title=\"Read Nadal a l&#8217;institut amb els alumnes de prim\u00e0ria\">Llegeix m\u00e9s\u00bb<\/a><\/p>\n","protected":false},"author":6,"featured_media":0,"comment_status":"closed","ping_status":"closed","sticky":false,"template":"","format":"standard","meta":{"_bbp_topic_count":0,"_bbp_reply_count":0,"_bbp_total_topic_count":0,"_bbp_total_reply_count":0,"_bbp_voice_count":0,"_bbp_anonymous_reply_count":0,"_bbp_topic_count_hidden":0,"_bbp_reply_count_hidden":0,"_bbp_forum_subforum_count":0,"footnotes":""},"categories":[1,29],"tags":[],"class_list":["post-3433","post","type-post","status-publish","format-standard","hentry","category-general","category-portada"],"post_mailing_queue_ids":[],"_links":{"self":[{"href":"https:\/\/agora.xtec.cat\/iesdelvoltreganes\/wp-json\/wp\/v2\/posts\/3433","targetHints":{"allow":["GET"]}}],"collection":[{"href":"https:\/\/agora.xtec.cat\/iesdelvoltreganes\/wp-json\/wp\/v2\/posts"}],"about":[{"href":"https:\/\/agora.xtec.cat\/iesdelvoltreganes\/wp-json\/wp\/v2\/types\/post"}],"author":[{"embeddable":true,"href":"https:\/\/agora.xtec.cat\/iesdelvoltreganes\/wp-json\/wp\/v2\/users\/6"}],"replies":[{"embeddable":true,"href":"https:\/\/agora.xtec.cat\/iesdelvoltreganes\/wp-json\/wp\/v2\/comments?post=3433"}],"version-history":[{"count":3,"href":"https:\/\/agora.xtec.cat\/iesdelvoltreganes\/wp-json\/wp\/v2\/posts\/3433\/revisions"}],"predecessor-version":[{"id":3448,"href":"https:\/\/agora.xtec.cat\/iesdelvoltreganes\/wp-json\/wp\/v2\/posts\/3433\/revisions\/3448"}],"wp:attachment":[{"href":"https:\/\/agora.xtec.cat\/iesdelvoltreganes\/wp-json\/wp\/v2\/media?parent=3433"}],"wp:term":[{"taxonomy":"category","embeddable":true,"href":"https:\/\/agora.xtec.cat\/iesdelvoltreganes\/wp-json\/wp\/v2\/categories?post=3433"},{"taxonomy":"post_tag","embeddable":true,"href":"https:\/\/agora.xtec.cat\/iesdelvoltreganes\/wp-json\/wp\/v2\/tags?post=3433"}],"curies":[{"name":"wp","href":"https:\/\/api.w.org\/{rel}","templated":true}]}}