{"id":3423,"date":"2018-12-13T11:56:56","date_gmt":"2018-12-13T10:56:56","guid":{"rendered":"http:\/\/agora.xtec.cat\/iesdelvoltreganes\/?p=3423"},"modified":"2018-12-13T15:32:47","modified_gmt":"2018-12-13T14:32:47","slug":"diada-del-drets-humans","status":"publish","type":"post","link":"https:\/\/agora.xtec.cat\/iesdelvoltreganes\/general\/diada-del-drets-humans\/","title":{"rendered":"Diada del Drets Humans"},"content":{"rendered":"<p>Des de l&#8217;\u00e0rea de Ci\u00e8ncies Socials es va organitzar una activitat per tal que tots els cursos del centre commemoressin el 70\u00e8 aniversari de la Declaraci\u00f3 Universal dels Drets Humans.<br \/>\n<a href=\"https:\/\/photos.app.goo.gl\/GQkJfofAtPxZsMDv9\" target=\"_blank\" rel=\"noopener\"><img loading=\"lazy\" decoding=\"async\" class=\"alignnone wp-image-3424 size-medium\" src=\"https:\/\/agora.xtec.cat\/iesdelvoltreganes\/wp-content\/uploads\/usu618\/2018\/12\/IMG_1282-e1544698521186-225x300.jpg\" alt=\"\" width=\"225\" height=\"300\" srcset=\"https:\/\/agora.xtec.cat\/iesdelvoltreganes\/wp-content\/uploads\/usu618\/2018\/12\/IMG_1282-e1544698521186-225x300.jpg 225w, https:\/\/agora.xtec.cat\/iesdelvoltreganes\/wp-content\/uploads\/usu618\/2018\/12\/IMG_1282-e1544698521186.jpg 480w\" sizes=\"auto, (max-width: 225px) 100vw, 225px\" \/><\/a><\/p>\n","protected":false},"excerpt":{"rendered":"<p>Des de l&#8217;\u00e0rea de Ci\u00e8ncies Socials es va organitzar una activitat per tal que tots els cursos del centre commemoressin el 70\u00e8 aniversari de la Declaraci\u00f3 Universal dels Drets Humans.<br \/>\n<a href=\"https:\/\/photos.app.goo.gl\/GQkJfofAtPxZsMDv9\" target=\"_blank\" rel=\"noopener\"><\/a><\/p>\n","protected":false},"author":6,"featured_media":0,"comment_status":"closed","ping_status":"closed","sticky":false,"template":"","format":"standard","meta":{"_bbp_topic_count":0,"_bbp_reply_count":0,"_bbp_total_topic_count":0,"_bbp_total_reply_count":0,"_bbp_voice_count":0,"_bbp_anonymous_reply_count":0,"_bbp_topic_count_hidden":0,"_bbp_reply_count_hidden":0,"_bbp_forum_subforum_count":0,"footnotes":""},"categories":[66,1,29],"tags":[],"class_list":["post-3423","post","type-post","status-publish","format-standard","hentry","category-ciencies-socials","category-general","category-portada"],"post_mailing_queue_ids":[],"_links":{"self":[{"href":"https:\/\/agora.xtec.cat\/iesdelvoltreganes\/wp-json\/wp\/v2\/posts\/3423","targetHints":{"allow":["GET"]}}],"collection":[{"href":"https:\/\/agora.xtec.cat\/iesdelvoltreganes\/wp-json\/wp\/v2\/posts"}],"about":[{"href":"https:\/\/agora.xtec.cat\/iesdelvoltreganes\/wp-json\/wp\/v2\/types\/post"}],"author":[{"embeddable":true,"href":"https:\/\/agora.xtec.cat\/iesdelvoltreganes\/wp-json\/wp\/v2\/users\/6"}],"replies":[{"embeddable":true,"href":"https:\/\/agora.xtec.cat\/iesdelvoltreganes\/wp-json\/wp\/v2\/comments?post=3423"}],"version-history":[{"count":2,"href":"https:\/\/agora.xtec.cat\/iesdelvoltreganes\/wp-json\/wp\/v2\/posts\/3423\/revisions"}],"predecessor-version":[{"id":3429,"href":"https:\/\/agora.xtec.cat\/iesdelvoltreganes\/wp-json\/wp\/v2\/posts\/3423\/revisions\/3429"}],"wp:attachment":[{"href":"https:\/\/agora.xtec.cat\/iesdelvoltreganes\/wp-json\/wp\/v2\/media?parent=3423"}],"wp:term":[{"taxonomy":"category","embeddable":true,"href":"https:\/\/agora.xtec.cat\/iesdelvoltreganes\/wp-json\/wp\/v2\/categories?post=3423"},{"taxonomy":"post_tag","embeddable":true,"href":"https:\/\/agora.xtec.cat\/iesdelvoltreganes\/wp-json\/wp\/v2\/tags?post=3423"}],"curies":[{"name":"wp","href":"https:\/\/api.w.org\/{rel}","templated":true}]}}