{"id":3391,"date":"2018-11-30T13:00:26","date_gmt":"2018-11-30T12:00:26","guid":{"rendered":"http:\/\/agora.xtec.cat\/iesdelvoltreganes\/?p=3391"},"modified":"2018-11-30T13:03:15","modified_gmt":"2018-11-30T12:03:15","slug":"xerrada-de-fisica-quantica","status":"publish","type":"post","link":"https:\/\/agora.xtec.cat\/iesdelvoltreganes\/general\/xerrada-de-fisica-quantica\/","title":{"rendered":"Xerrada de F\u00edsica qu\u00e0ntica"},"content":{"rendered":"<p>Avui, dia 28 de novembre, els alumnes de F\u00edsica i qu\u00edmica de 4t d\u2019ESO hem assistit a una xerrada de la Universitat de Vic on la Dr. S\u00f2nia Fern\u00e1ndez-Vidal ens ha parlat\u00a0d\u2019alguns conceptes relacionats amb F\u00edsica qu\u00e0ntica que apareixen al seu \u00faltim llibre.<br \/>\nNom\u00e9s arribar ens hem fet una fotografia de grup amb ella, i, en acabar l\u2019acte hem\u00a0pogut parlar una mica amb ella.<\/p>\n<p>Mariona Colom<br \/>\n4t ESO A<\/p>\n<p><a href=\"https:\/\/agora.xtec.cat\/iesdelvoltreganes\/wp-content\/uploads\/usu618\/2018\/11\/image.png\"><img loading=\"lazy\" decoding=\"async\" class=\"alignnone size-medium wp-image-3392\" src=\"https:\/\/agora.xtec.cat\/iesdelvoltreganes\/wp-content\/uploads\/usu618\/2018\/11\/image-300x200.png\" alt=\"\" width=\"300\" height=\"200\" srcset=\"https:\/\/agora.xtec.cat\/iesdelvoltreganes\/wp-content\/uploads\/usu618\/2018\/11\/image-300x200.png 300w, https:\/\/agora.xtec.cat\/iesdelvoltreganes\/wp-content\/uploads\/usu618\/2018\/11\/image-768x512.png 768w, https:\/\/agora.xtec.cat\/iesdelvoltreganes\/wp-content\/uploads\/usu618\/2018\/11\/image.png 867w\" sizes=\"auto, (max-width: 300px) 100vw, 300px\" \/><\/a><\/p>\n","protected":false},"excerpt":{"rendered":"<p>Avui, dia 28 de novembre, els alumnes de F\u00edsica i qu\u00edmica de 4t d\u2019ESO hem assistit a una xerrada de la Universitat de Vic on la Dr. S\u00f2nia Fern\u00e1ndez-Vidal ens ha parlat\u00a0d\u2019alguns conceptes relacionats amb F\u00edsica qu\u00e0ntica que apareixen al seu \u00faltim llibre.<br \/>\nNom\u00e9s arribar ens&hellip;  <a href=\"https:\/\/agora.xtec.cat\/iesdelvoltreganes\/general\/xerrada-de-fisica-quantica\/\" title=\"Read Xerrada de F\u00edsica qu\u00e0ntica\">Llegeix m\u00e9s\u00bb<\/a><\/p>\n","protected":false},"author":6,"featured_media":0,"comment_status":"closed","ping_status":"closed","sticky":false,"template":"","format":"standard","meta":{"_bbp_topic_count":0,"_bbp_reply_count":0,"_bbp_total_topic_count":0,"_bbp_total_reply_count":0,"_bbp_voice_count":0,"_bbp_anonymous_reply_count":0,"_bbp_topic_count_hidden":0,"_bbp_reply_count_hidden":0,"_bbp_forum_subforum_count":0,"footnotes":""},"categories":[65,7,1,29],"tags":[39,44],"class_list":["post-3391","post","type-post","status-publish","format-standard","hentry","category-ciencies-experimentals","category-eso-4","category-general","category-portada","tag-sortides","tag-xerrades"],"post_mailing_queue_ids":[],"_links":{"self":[{"href":"https:\/\/agora.xtec.cat\/iesdelvoltreganes\/wp-json\/wp\/v2\/posts\/3391","targetHints":{"allow":["GET"]}}],"collection":[{"href":"https:\/\/agora.xtec.cat\/iesdelvoltreganes\/wp-json\/wp\/v2\/posts"}],"about":[{"href":"https:\/\/agora.xtec.cat\/iesdelvoltreganes\/wp-json\/wp\/v2\/types\/post"}],"author":[{"embeddable":true,"href":"https:\/\/agora.xtec.cat\/iesdelvoltreganes\/wp-json\/wp\/v2\/users\/6"}],"replies":[{"embeddable":true,"href":"https:\/\/agora.xtec.cat\/iesdelvoltreganes\/wp-json\/wp\/v2\/comments?post=3391"}],"version-history":[{"count":3,"href":"https:\/\/agora.xtec.cat\/iesdelvoltreganes\/wp-json\/wp\/v2\/posts\/3391\/revisions"}],"predecessor-version":[{"id":3396,"href":"https:\/\/agora.xtec.cat\/iesdelvoltreganes\/wp-json\/wp\/v2\/posts\/3391\/revisions\/3396"}],"wp:attachment":[{"href":"https:\/\/agora.xtec.cat\/iesdelvoltreganes\/wp-json\/wp\/v2\/media?parent=3391"}],"wp:term":[{"taxonomy":"category","embeddable":true,"href":"https:\/\/agora.xtec.cat\/iesdelvoltreganes\/wp-json\/wp\/v2\/categories?post=3391"},{"taxonomy":"post_tag","embeddable":true,"href":"https:\/\/agora.xtec.cat\/iesdelvoltreganes\/wp-json\/wp\/v2\/tags?post=3391"}],"curies":[{"name":"wp","href":"https:\/\/api.w.org\/{rel}","templated":true}]}}