{"id":3372,"date":"2018-11-19T09:18:15","date_gmt":"2018-11-19T08:18:15","guid":{"rendered":"http:\/\/agora.xtec.cat\/iesdelvoltreganes\/?p=3372"},"modified":"2018-11-19T09:18:37","modified_gmt":"2018-11-19T08:18:37","slug":"consistori","status":"publish","type":"post","link":"https:\/\/agora.xtec.cat\/iesdelvoltreganes\/general\/consistori\/","title":{"rendered":"Consistori Infantil de Les Masies de Voltreg\u00e0"},"content":{"rendered":"<p>Donem la beninguda al nou Consistori Infantil de Les Masies de Voltreg\u00e0. El nostre representant D.Espinosa de 1r d&#8217;ESO en forma part\u00a0 juntament amb alumnes de cinqu\u00e8 i sis\u00e8 de prim\u00e0ria de Les Masies de Voltreg\u00e0 . L&#8217;alcalde els ha proposat seguir treballant en temes de civisme.<\/p>\n<p><a href=\"https:\/\/agora.xtec.cat\/iesdelvoltreganes\/wp-content\/uploads\/usu618\/2018\/11\/consistori-el9nou.jpg\"><img loading=\"lazy\" decoding=\"async\" class=\"alignnone size-medium wp-image-3373\" src=\"https:\/\/agora.xtec.cat\/iesdelvoltreganes\/wp-content\/uploads\/usu618\/2018\/11\/consistori-el9nou-280x300.jpg\" alt=\"\" width=\"280\" height=\"300\" srcset=\"https:\/\/agora.xtec.cat\/iesdelvoltreganes\/wp-content\/uploads\/usu618\/2018\/11\/consistori-el9nou-280x300.jpg 280w, https:\/\/agora.xtec.cat\/iesdelvoltreganes\/wp-content\/uploads\/usu618\/2018\/11\/consistori-el9nou-768x822.jpg 768w, https:\/\/agora.xtec.cat\/iesdelvoltreganes\/wp-content\/uploads\/usu618\/2018\/11\/consistori-el9nou-957x1024.jpg 957w, https:\/\/agora.xtec.cat\/iesdelvoltreganes\/wp-content\/uploads\/usu618\/2018\/11\/consistori-el9nou.jpg 1835w\" sizes=\"auto, (max-width: 280px) 100vw, 280px\" \/><\/a><\/p>\n","protected":false},"excerpt":{"rendered":"<p>Donem la beninguda al nou Consistori Infantil de Les Masies de Voltreg\u00e0. El nostre representant D.Espinosa de 1r d&#8217;ESO en forma part\u00a0 juntament amb alumnes de cinqu\u00e8 i sis\u00e8 de prim\u00e0ria de Les Masies de Voltreg\u00e0 . L&#8217;alcalde els ha proposat seguir treballant en temes&hellip;  <a href=\"https:\/\/agora.xtec.cat\/iesdelvoltreganes\/general\/consistori\/\" title=\"Read Consistori Infantil de Les Masies de Voltreg\u00e0\">Llegeix m\u00e9s\u00bb<\/a><\/p>\n","protected":false},"author":6,"featured_media":0,"comment_status":"closed","ping_status":"closed","sticky":false,"template":"","format":"standard","meta":{"_bbp_topic_count":0,"_bbp_reply_count":0,"_bbp_total_topic_count":0,"_bbp_total_reply_count":0,"_bbp_voice_count":0,"_bbp_anonymous_reply_count":0,"_bbp_topic_count_hidden":0,"_bbp_reply_count_hidden":0,"_bbp_forum_subforum_count":0,"footnotes":""},"categories":[3,1,29],"tags":[],"class_list":["post-3372","post","type-post","status-publish","format-standard","hentry","category-eso","category-general","category-portada"],"post_mailing_queue_ids":[],"_links":{"self":[{"href":"https:\/\/agora.xtec.cat\/iesdelvoltreganes\/wp-json\/wp\/v2\/posts\/3372","targetHints":{"allow":["GET"]}}],"collection":[{"href":"https:\/\/agora.xtec.cat\/iesdelvoltreganes\/wp-json\/wp\/v2\/posts"}],"about":[{"href":"https:\/\/agora.xtec.cat\/iesdelvoltreganes\/wp-json\/wp\/v2\/types\/post"}],"author":[{"embeddable":true,"href":"https:\/\/agora.xtec.cat\/iesdelvoltreganes\/wp-json\/wp\/v2\/users\/6"}],"replies":[{"embeddable":true,"href":"https:\/\/agora.xtec.cat\/iesdelvoltreganes\/wp-json\/wp\/v2\/comments?post=3372"}],"version-history":[{"count":2,"href":"https:\/\/agora.xtec.cat\/iesdelvoltreganes\/wp-json\/wp\/v2\/posts\/3372\/revisions"}],"predecessor-version":[{"id":3375,"href":"https:\/\/agora.xtec.cat\/iesdelvoltreganes\/wp-json\/wp\/v2\/posts\/3372\/revisions\/3375"}],"wp:attachment":[{"href":"https:\/\/agora.xtec.cat\/iesdelvoltreganes\/wp-json\/wp\/v2\/media?parent=3372"}],"wp:term":[{"taxonomy":"category","embeddable":true,"href":"https:\/\/agora.xtec.cat\/iesdelvoltreganes\/wp-json\/wp\/v2\/categories?post=3372"},{"taxonomy":"post_tag","embeddable":true,"href":"https:\/\/agora.xtec.cat\/iesdelvoltreganes\/wp-json\/wp\/v2\/tags?post=3372"}],"curies":[{"name":"wp","href":"https:\/\/api.w.org\/{rel}","templated":true}]}}